{"id":8771,"date":"2024-11-28T09:42:17","date_gmt":"2024-11-28T08:42:17","guid":{"rendered":"https:\/\/www.borgione.it\/blog\/?p=8771"},"modified":"2025-09-16T11:36:43","modified_gmt":"2025-09-16T09:36:43","slug":"alzheimer-cafe-cose-vantaggi-e-materiali-per-organizzarlo","status":"publish","type":"post","link":"https:\/\/www.borgione.it\/blog\/alzheimer-cafe-cose-vantaggi-e-materiali-per-organizzarlo\/","title":{"rendered":"Alzheimer caf\u00e8: cos\u2019\u00e8, vantaggi e materiali per organizzarlo"},"content":{"rendered":"<p><span style=\"font-weight: 400;\">L\u2019<\/span><b>Alzheimer Caf\u00e9<\/b><span style=\"font-weight: 400;\"> \u00e8 uno spazio sicuro, un momento di condivisione e di confronto, un&#8217;opportunit\u00e0 per rompere l\u2019isolamento sociale che spesso accompagna chi \u00e8 coinvolto nella gestione di pazienti affetti da demenza.<\/span><\/p>\n<p><span style=\"font-weight: 400;\">Questo spazio diventa una risorsa utile per <\/span><b>terapisti<\/b><span style=\"font-weight: 400;\">, <\/span><b>pazienti<\/b><span style=\"font-weight: 400;\"> e <\/span><b>famiglie<\/b><span style=\"font-weight: 400;\">, i quali si trovano a creare una nuova rete professionale ma anche amicale: le famiglie trovano nuovi amici o compagni di viaggio, mentre i pazienti si sentono accolti e capiti oltre che stimolati e non giudicati.<\/span><\/p>\n<p><span style=\"font-weight: 400;\">In questo articolo proponiamo una breve panoramica sull\u2019argomento.<\/span><\/p>\n<h2><span style=\"font-weight: 400;\">Cos\u2019\u00e8 l\u2019Alzheimer Caf\u00e8<\/span><\/h2>\n<p><span style=\"font-weight: 400;\">L\u2019idea alla base dell\u2019Alzheimer Caf\u00e9 \u00e8 quella di creare un luogo di incontro, confronto e supporto dedicato alle persone affette da Alzheimer e alle loro famiglie.\u00a0<\/span><\/p>\n<p><span style=\"font-weight: 400;\">Nato nei Paesi Bassi negli anni \u201990, questo progetto si \u00e8 diffuso in molti paesi europei, tra cui anche l\u2019Italia.<\/span><\/p>\n<p><span style=\"font-weight: 400;\">In questi incontri, organizzati regolarmente, si svolgono <\/span><b>attivit\u00e0 stimolanti e piacevoli<\/b><span style=\"font-weight: 400;\"> per i pazienti e famiglie, mirate a mantenere attive le <\/span><b>capacit\u00e0 cognitive e sociali<\/b><span style=\"font-weight: 400;\">.\u00a0<\/span><\/p>\n<p><a href=\"https:\/\/www.borgione.it\/specialmente-e-multisensorialita?utm_source=blog&amp;utm_medium=banner&amp;utm_campaign=angolodelterapista\"><img decoding=\"async\" class=\"aligncenter\" src=\"https:\/\/borgione.kleecks-cdn.com\/media\/attachments\/scopri-specialmente.jpg\" alt=\"\" width=\"850\" height=\"370\" \/><\/a><\/p>\n<p><span style=\"font-weight: 400;\">Pazienti e Caregiver lavorano contemporaneamente in due stanze separate, i familiari possono partecipare a gruppi di ascolto o di auto-mutuo aiuto come anche a gruppi psicoeducativi gestiti da esperti su come gestire la malattia nella vita quotidiana.\u00a0<\/span><\/p>\n<p><span style=\"font-weight: 400;\">Uno dei tratti distintivi del modello dell\u2019Alzheimer Caf\u00e9 \u00e8 l\u2019<\/span><b>informalit\u00e0<\/b><span style=\"font-weight: 400;\">, che diventa funzionale alla condivisione di esperienze e all\u2019integrazione tra assistenza sanitaria e sostegno emotivo.<\/span><\/p>\n<p><span style=\"font-weight: 400;\">Al termine di ogni incontro Caregiver e malati si incontrano per il caff\u00e8 che d\u00e0 nome a questo format:, sotto la supervisione dei professionisti, possono quindi provare a portare avanti le tecniche e i suggerimenti appena imparati e integrarsi nel clima di benessere e serenit\u00e0 che i pazienti stanno gi\u00e0 vivendo. In questo modo \u00e8 possibile sperimentare come si potrebbe ricreare lo stesso clima o attivit\u00e0 al proprio domicilio.\u00a0<\/span><\/p>\n<p><img decoding=\"async\" class=\"aligncenter wp-image-8775 size-full\" src=\"https:\/\/borgione.kleecks-cdn.com\/blog\/wp-content\/uploads\/2024\/11\/alzheimer_cafe_2-2.jpg\" alt=\"Anziana signora impegnata in attivit\u00e0 di stimolazione cognitiva\" width=\"1000\" height=\"1495\" srcset=\"https:\/\/www.borgione.it\/blog\/wp-content\/uploads\/2024\/11\/alzheimer_cafe_2-2.jpg%201000w,%20https:\/blog.borgione.it\/wp-content\/uploads\/2024\/11\/alzheimer_cafe_2-2-201x300.jpg%20201w,%20https:\/blog.borgione.it\/wp-content\/uploads\/2024\/11\/alzheimer_cafe_2-2-685x1024.jpg%20685w,%20https:\/blog.borgione.it\/wp-content\/uploads\/2024\/11\/alzheimer_cafe_2-2-768x1148.jpg%20768w\" sizes=\"(max-width: 1000px) 100vw, 1000px\" \/><\/p>\n<h2><span style=\"font-weight: 400;\">Vantaggi e benefici<\/span><\/h2>\n<p><span style=\"font-weight: 400;\">Sarebbe improprio presentarlo come una \u201csoluzione imprescindibile\u201d nel trattamento della malattia, ma \u00e8 pur vero che l\u2019Alzheimer Caf\u00e8 pu\u00f2 portare benefici da considerare per pazienti, terapisti, caregiver e famiglie.<\/span><\/p>\n<ul>\n<li style=\"font-weight: 400;\" aria-level=\"1\"><span style=\"font-weight: 400;\">Per i pazienti, questi spazi costituiscono un ambiente dove possono partecipare &#8211; con amici e senza familiari &#8211; ad attivit\u00e0 che favoriscono la <\/span><b>socializzazione <\/b><span style=\"font-weight: 400;\">e il <\/span><b>mantenimento <\/b><span style=\"font-weight: 400;\">delle <\/span><b>capacit\u00e0 cognitive<\/b><span style=\"font-weight: 400;\">, come la musica, l\u2019arte o semplici giochi.<\/span><\/li>\n<li style=\"font-weight: 400;\" aria-level=\"1\"><span style=\"font-weight: 400;\">Per i terapisti, l&#8217;Alzheimer Caf\u00e9 rappresenta un\u2019opportunit\u00e0 per <\/span><b>osservare <\/b><span style=\"font-weight: 400;\">i <\/span><b>pazienti <\/b><span style=\"font-weight: 400;\">in un contesto meno formale, fornendo indicazioni utili per personalizzare gli interventi terapeutici al domicilio. \u00c8 inoltre uno spazio in cui possono educare caregiver e familiari, offrendo consigli pratici e strategie per migliorare la gestione quotidiana della malattia.<\/span><\/li>\n<li style=\"font-weight: 400;\" aria-level=\"1\"><span style=\"font-weight: 400;\">I caregiver e le famiglie, spesso sopraffatti dalla responsabilit\u00e0 dell\u2019assistenza, trovano un luogo dove sentirsi compresi e supportati. Possono<\/span><b> condividere esperienze<\/b><span style=\"font-weight: 400;\"> con altri che affrontano sfide simili, creare reti di supporto e ricevere informazioni utili per alleviare il peso emotivo e pratico. Hanno inoltre la possibilit\u00e0 di poter staccare dall\u2019assistenza del proprio , con la consapevolezza di lasciarlo in buona mani e poca distanza da s\u00e9 e per un periodo di tempo limitato.<\/span><\/li>\n<\/ul>\n<p><span style=\"font-weight: 400;\">A tutti gli effetti, parliamo di un modello in grado di <\/span><b>facilitare la collaborazione tra tutti i soggetti coinvolti<\/b><span style=\"font-weight: 400;\">, creando un clima di fiducia e supporto reciproco, migliorando cos\u00ec la qualit\u00e0 della vita non solo del paziente, ma anche di chi lo circonda.<\/span><\/p>\n<p><i><span style=\"font-weight: 400;\">Leggi anche \u201c<\/span><\/i><a href=\"https:\/\/bit.ly\/3ZrLg20\"><i><span style=\"font-weight: 400;\">Sistemi di Memoria: Introduzione ed esercizi pratici<\/span><\/i><\/a><i><span style=\"font-weight: 400;\">\u201d<\/span><\/i><\/p>\n<p><a href=\"https:\/\/www.borgione.it\/alzheimer-e-demenza-tutto-quello-che-un-buon-terapista-deve-assolutamente-sapere?utm_source=blog&amp;utm_medium=banner&amp;utm_campaign=ebook_alzheimer\"><img decoding=\"async\" class=\"aligncenter size-full wp-image-9420\" src=\"https:\/\/borgione.kleecks-cdn.com\/blog\/wp-content\/uploads\/2022\/12\/scarica-ebook-gratuito-alzheimer-terapisti-1.jpg\" alt=\"\" width=\"850\" height=\"370\" srcset=\"https:\/\/www.borgione.it\/blog\/wp-content\/uploads\/2022\/12\/scarica-ebook-gratuito-alzheimer-terapisti-1.jpg%20850w,%20https:\/blog.borgione.it\/wp-content\/uploads\/2022\/12\/scarica-ebook-gratuito-alzheimer-terapisti-1-300x131.jpg%20300w,%20https:\/blog.borgione.it\/wp-content\/uploads\/2022\/12\/scarica-ebook-gratuito-alzheimer-terapisti-1-768x334.jpg%20768w\" sizes=\"(max-width: 850px) 100vw, 850px\" \/><\/a><\/p>\n<h2><span style=\"font-weight: 400;\">Come funziona l\u2019Alzheimer Caf\u00e8: attivit\u00e0 e materiali<\/span><\/h2>\n<p><span style=\"font-weight: 400;\">Un Alzheimer Caf\u00e9 si sviluppa attraverso una struttura ben organizzata, in cui le attivit\u00e0 principali sono suddivise in momenti distinti e adattati alle esigenze dei partecipanti. Solitamente, l\u2019incontro inizia con un <\/span><b>momento di accoglienza informale<\/b><span style=\"font-weight: 400;\">, dove i presenti possono socializzare, per rompere il ghiaccio e instaurare un\u2019atmosfera rilassata.<\/span><\/p>\n<div id=\"attachment_8772\" style=\"width: 871px\" class=\"wp-caption aligncenter\"><img decoding=\"async\" aria-describedby=\"caption-attachment-8772\" class=\"wp-image-8772 size-full\" src=\"https:\/\/borgione.kleecks-cdn.com\/blog\/wp-content\/uploads\/2024\/11\/giochi-della-memoria_alzheimer.jpg\" alt=\"Giochi della memoria da utilizzare durante Alzheimer Caf\u00e9: sudoku a cubi\" width=\"861\" height=\"639\" srcset=\"https:\/\/www.borgione.it\/blog\/wp-content\/uploads\/2024\/11\/giochi-della-memoria_alzheimer.jpg%20861w,%20https:\/blog.borgione.it\/wp-content\/uploads\/2024\/11\/giochi-della-memoria_alzheimer-300x223.jpg%20300w,%20https:\/blog.borgione.it\/wp-content\/uploads\/2024\/11\/giochi-della-memoria_alzheimer-768x570.jpg%20768w\" sizes=\"(max-width: 861px) 100vw, 861px\" \/><p id=\"caption-attachment-8772\" class=\"wp-caption-text\">Sudoku a cubi &#8211; Borgione<\/p><\/div>\n<p><span style=\"font-weight: 400;\">Successivamente, si passa a un\u2019attivit\u00e0 programmata, che pu\u00f2 includere laboratori creativi, musicoterapia, terapia occupazionale, per therapy, giochi di memoria o esercizi di rilassamento: i terapisti possono scegliere di usare <\/span><b>supporti materiali<\/b><span style=\"font-weight: 400;\"> come puzzle semplici, <\/span><a href=\"https:\/\/bit.ly\/411GucG\"><span style=\"font-weight: 400;\">giochi di memoria<\/span><\/a><span style=\"font-weight: 400;\">, album da colorare, materiali per il <\/span><a href=\"https:\/\/bit.ly\/49cKzwP\"><span style=\"font-weight: 400;\">d\u00e9coupage<\/span><\/a><span style=\"font-weight: 400;\"> e fotografie vintage, in modo da incoraggiare la <\/span><b>partecipazione attiva dei pazienti<\/b><span style=\"font-weight: 400;\"> e favorire l\u2019esercizio delle capacit\u00e0 cognitive.<\/span><\/p>\n<div id=\"attachment_8747\" style=\"width: 539px\" class=\"wp-caption aligncenter\"><img decoding=\"async\" aria-describedby=\"caption-attachment-8747\" class=\"wp-image-8747 size-full\" src=\"https:\/\/borgione.kleecks-cdn.com\/blog\/wp-content\/uploads\/2024\/11\/colla-lacca-oer-decupage-3.jpg\" alt=\"vaso su cui mettere la colla lacca. Colla lacca a sinistra\" width=\"529\" height=\"352\" srcset=\"https:\/\/www.borgione.it\/blog\/wp-content\/uploads\/2024\/11\/colla-lacca-oer-decupage-3.jpg%20529w,%20https:\/blog.borgione.it\/wp-content\/uploads\/2024\/11\/colla-lacca-oer-decupage-3-300x200.jpg%20300w\" sizes=\"(max-width: 529px) 100vw, 529px\" \/><p id=\"caption-attachment-8747\" class=\"wp-caption-text\">Materiali per d\u00e9coupage &#8211; Borgione<\/p><\/div>\n<p><span style=\"font-weight: 400;\">Parallelamente, vengono organizzati incontri psicoeducativi e\/o di supporto per i <\/span><b>caregiver. <\/b><span style=\"font-weight: 400;\">Questi gruppi, tenuti da professionisti, hanno l\u2019obiettivo di fornire strumenti pratici e condividere strategie per facilitare o migliorare la gestione del malato presso il domicilio.<\/span><\/p>\n<p><i><span style=\"font-weight: 400;\">Leggi anche \u201c<\/span><\/i><a href=\"https:\/\/bit.ly\/3Vf83LJ\"><i><span style=\"font-weight: 400;\">Materiali per psicomotricit\u00e0 nel trattamento della demenza<\/span><\/i><\/a><i><span style=\"font-weight: 400;\">\u201d<\/span><\/i><\/p>\n<h2><span style=\"font-weight: 400;\">Ruolo dei professionisti nella gestione dell&#8217;Alzheimer Caf\u00e9<\/span><\/h2>\n<p><span style=\"font-weight: 400;\">Il successo di un Alzheimer Caf\u00e9 dipende in gran parte dalla competenza e dalla <\/span><b>collaborazione dei professionisti coinvolti<\/b><span style=\"font-weight: 400;\"> e in parte dalla capacit\u00e0 di fare rete con i professionisti che vedono le famiglie in difficolt\u00e0 o all\u2019inizio del cammino ( ad esempio,\u00a0 gli ospedali o quei centri dove le famiglie ricevono la diagnosi e\/o fanno i test).<\/span><\/p>\n<p><b>Psicologi<\/b><span style=\"font-weight: 400;\">, <\/span><b>terapisti<\/b><span style=\"font-weight: 400;\"> e <\/span><b>operatori socio-sanitari<\/b><span style=\"font-weight: 400;\"> svolgono un ruolo cruciale nel creare un ambiente sicuro, accogliente e funzionale per i pazienti e i loro caregiver; facilitano gruppi di discussione, offrono consulenza personalizzata e aiutano a gestire l\u2019impatto emotivo della malattia, promuovendo strategie per affrontare lo stress e il senso di isolamento<\/span><span style=\"font-weight: 400;\">;<\/span><span style=\"font-weight: 400;\"> organizzano e progettano <\/span><b>esercizi mirati<\/b><span style=\"font-weight: 400;\"> per il mantenimento delle abilit\u00e0 cognitive, motorie e sensoriali, utilizzando materiali adeguati. Questi interventi contribuiscono a migliorare la qualit\u00e0 della vita dei partecipanti e a mantenere un livello di autonomia il pi\u00f9 a lungo possibile.<\/span><\/p>\n<p><span style=\"font-weight: 400;\">In ultimo, garantiscono la gestione quotidiana delle attivit\u00e0 e il benessere generale dei pazienti durante gli incontri. Sono essenziali per monitorare le <\/span><b>esigenze fisiche e pratiche dei partecipanti<\/b><span style=\"font-weight: 400;\">, creando un ambiente inclusivo e sicuro.<\/span><\/p>\n<p><span style=\"font-weight: 400;\">Non dobbiamo inoltre dimenticare i volontari: questa tipologia di iniziativa soprattutto con i malati, ha una buona riuscita soprattutto se un buon numero di volontari si rende disponibile ad aiutare i professionisti.\u00a0<\/span><\/p>\n<p><span style=\"font-weight: 400;\">La sinergia tra queste figure professionali \u00e8 essenziale per realizzare un Alzheimer Caf\u00e9 efficace, offrendo <\/span><b>supporto multidisciplinare<\/b><span style=\"font-weight: 400;\"> a pazienti e famiglie.<\/span><\/p>\n<p><i><span style=\"font-weight: 400;\">Articolo redatto in collaborazione con la <\/span><\/i><a href=\"https:\/\/bit.ly\/4fLcypv\" target=\"_blank\" rel=\"noopener\"><i><span style=\"font-weight: 400;\">Dottoressa Cristina Sbaglia<\/span><\/i><\/a><\/p>\n","protected":false},"excerpt":{"rendered":"<p>L\u2019Alzheimer Caf\u00e9 \u00e8 uno spazio sicuro, un momento di condivisione e di confronto, un&#8217;opportunit\u00e0 per rompere l\u2019isolamento sociale che spesso accompagna chi \u00e8 coinvolto nella gestione di pazienti affetti da demenza. Questo spazio diventa una risorsa utile per terapisti, pazienti e famiglie, i quali si trovano a creare una nuova rete professionale ma anche amicale: [&hellip;]<\/p>\n","protected":false},"author":36,"featured_media":8777,"comment_status":"open","ping_status":"open","sticky":false,"template":"","format":"standard","meta":{"_genesis_hide_title":false,"_genesis_hide_breadcrumbs":false,"_genesis_hide_singular_image":false,"_genesis_hide_footer_widgets":false,"_genesis_custom_body_class":"","_genesis_custom_post_class":"","_genesis_layout":"","footnotes":""},"categories":[7],"tags":[],"class_list":{"0":"post-8771","1":"post","2":"type-post","3":"status-publish","4":"format-standard","5":"has-post-thumbnail","7":"category-pedagogia","8":"entry"},"yoast_head":"<!-- This site is optimized with the Yoast SEO plugin v27.4 - https:\/\/yoast.com\/product\/yoast-seo-wordpress\/ -->\n<title>Alzheimer caf\u00e8: cos\u2019\u00e8, vantaggi e materiali per organizzarlo - Blog - Borgione Centro Didattico<\/title>\n<meta name=\"description\" content=\"L\u2019Alzheimer Caf\u00e8 \u00e8 un luogo protetto e dedicato a incontro e condivisione: vediamo come viene strutturato e quali materiali si utilizzano\" \/>\n<meta name=\"robots\" content=\"index, follow, max-snippet:-1, max-image-preview:large, max-video-preview:-1\" \/>\n<link rel=\"canonical\" href=\"https:\/\/www.borgione.it\/blog\/alzheimer-cafe-cose-vantaggi-e-materiali-per-organizzarlo\/\" \/>\n<meta property=\"og:locale\" content=\"it_IT\" \/>\n<meta property=\"og:type\" content=\"article\" \/>\n<meta property=\"og:title\" content=\"Alzheimer caf\u00e8: cos\u2019\u00e8, vantaggi e materiali per organizzarlo - Blog - Borgione Centro Didattico\" \/>\n<meta property=\"og:description\" content=\"L\u2019Alzheimer Caf\u00e8 \u00e8 un luogo protetto e dedicato a incontro e condivisione: vediamo come viene strutturato e quali materiali si utilizzano\" \/>\n<meta property=\"og:url\" content=\"https:\/\/www.borgione.it\/blog\/alzheimer-cafe-cose-vantaggi-e-materiali-per-organizzarlo\/\" \/>\n<meta property=\"og:site_name\" content=\"Blog - Borgione Centro Didattico\" \/>\n<meta property=\"article:published_time\" content=\"2024-11-28T08:42:17+00:00\" \/>\n<meta property=\"article:modified_time\" content=\"2025-09-16T09:36:43+00:00\" \/>\n<meta property=\"og:image\" content=\"https:\/\/borgione.kleecks-cdn.com\/blog\/wp-content\/uploads\/2024\/11\/immagine-di-copertina_alzheimer1.jpg\" \/>\n\t<meta property=\"og:image:width\" content=\"1500\" \/>\n\t<meta property=\"og:image:height\" content=\"1000\" \/>\n\t<meta property=\"og:image:type\" content=\"image\/jpeg\" \/>\n<meta name=\"author\" content=\"Moonify\" \/>\n<meta name=\"twitter:card\" content=\"summary_large_image\" \/>\n<meta name=\"twitter:label1\" content=\"Written by\" \/>\n\t<meta name=\"twitter:data1\" content=\"Moonify\" \/>\n\t<meta name=\"twitter:label2\" content=\"Est. reading time\" \/>\n\t<meta name=\"twitter:data2\" content=\"7 minuti\" \/>\n<script type=\"application\/ld+json\" class=\"yoast-schema-graph\">{\"@context\":\"https:\\\/\\\/schema.org\",\"@graph\":[{\"@type\":\"Article\",\"@id\":\"https:\\\/\\\/www.borgione.it\\\/blog\\\/alzheimer-cafe-cose-vantaggi-e-materiali-per-organizzarlo#article\",\"isPartOf\":{\"@id\":\"https:\\\/\\\/www.borgione.it\\\/blog\\\/alzheimer-cafe-cose-vantaggi-e-materiali-per-organizzarlo\\\/\"},\"author\":{\"name\":\"Moonify\",\"@id\":\"https:\\\/\\\/www.borgione.it\\\/blog\\\/#\\\/schema\\\/person\\\/bb4fae3563bf6aeb9a930be52a475542\"},\"headline\":\"Alzheimer caf\u00e8: cos\u2019\u00e8, vantaggi e materiali per organizzarlo\",\"datePublished\":\"2024-11-28T08:42:17+00:00\",\"dateModified\":\"2025-09-16T09:36:43+00:00\",\"mainEntityOfPage\":{\"@id\":\"https:\\\/\\\/www.borgione.it\\\/blog\\\/alzheimer-cafe-cose-vantaggi-e-materiali-per-organizzarlo\\\/\"},\"wordCount\":993,\"commentCount\":0,\"image\":{\"@id\":\"https:\\\/\\\/www.borgione.it\\\/blog\\\/alzheimer-cafe-cose-vantaggi-e-materiali-per-organizzarlo#primaryimage\"},\"thumbnailUrl\":\"https:\\\/\\\/borgione.kleecks-cdn.com\\\/blog\\\/wp-content\\\/uploads\\\/2024\\\/11\\\/immagine-di-copertina_alzheimer1.jpg\",\"articleSection\":[\"Angolo del Terapista\"],\"inLanguage\":\"it-IT\",\"potentialAction\":[{\"@type\":\"CommentAction\",\"name\":\"Comment\",\"target\":[\"https:\\\/\\\/www.borgione.it\\\/blog\\\/alzheimer-cafe-cose-vantaggi-e-materiali-per-organizzarlo#respond\"]}]},{\"@type\":\"WebPage\",\"@id\":\"https:\\\/\\\/www.borgione.it\\\/blog\\\/alzheimer-cafe-cose-vantaggi-e-materiali-per-organizzarlo\\\/\",\"url\":\"https:\\\/\\\/www.borgione.it\\\/blog\\\/alzheimer-cafe-cose-vantaggi-e-materiali-per-organizzarlo\\\/\",\"name\":\"Alzheimer caf\u00e8: cos\u2019\u00e8, vantaggi e materiali per organizzarlo - Blog - Borgione Centro Didattico\",\"isPartOf\":{\"@id\":\"https:\\\/\\\/www.borgione.it\\\/blog\\\/#website\"},\"primaryImageOfPage\":{\"@id\":\"https:\\\/\\\/www.borgione.it\\\/blog\\\/alzheimer-cafe-cose-vantaggi-e-materiali-per-organizzarlo#primaryimage\"},\"image\":{\"@id\":\"https:\\\/\\\/www.borgione.it\\\/blog\\\/alzheimer-cafe-cose-vantaggi-e-materiali-per-organizzarlo#primaryimage\"},\"thumbnailUrl\":\"https:\\\/\\\/borgione.kleecks-cdn.com\\\/blog\\\/wp-content\\\/uploads\\\/2024\\\/11\\\/immagine-di-copertina_alzheimer1.jpg\",\"datePublished\":\"2024-11-28T08:42:17+00:00\",\"dateModified\":\"2025-09-16T09:36:43+00:00\",\"author\":{\"@id\":\"https:\\\/\\\/www.borgione.it\\\/blog\\\/#\\\/schema\\\/person\\\/bb4fae3563bf6aeb9a930be52a475542\"},\"description\":\"L\u2019Alzheimer Caf\u00e8 \u00e8 un luogo protetto e dedicato a incontro e condivisione: vediamo come viene strutturato e quali materiali si utilizzano\",\"breadcrumb\":{\"@id\":\"https:\\\/\\\/www.borgione.it\\\/blog\\\/alzheimer-cafe-cose-vantaggi-e-materiali-per-organizzarlo#breadcrumb\"},\"inLanguage\":\"it-IT\",\"potentialAction\":[{\"@type\":\"ReadAction\",\"target\":[\"https:\\\/\\\/www.borgione.it\\\/blog\\\/alzheimer-cafe-cose-vantaggi-e-materiali-per-organizzarlo\\\/\"]}]},{\"@type\":\"ImageObject\",\"inLanguage\":\"it-IT\",\"@id\":\"https:\\\/\\\/www.borgione.it\\\/blog\\\/alzheimer-cafe-cose-vantaggi-e-materiali-per-organizzarlo#primaryimage\",\"url\":\"https:\\\/\\\/borgione.kleecks-cdn.com\\\/blog\\\/wp-content\\\/uploads\\\/2024\\\/11\\\/immagine-di-copertina_alzheimer1.jpg\",\"contentUrl\":\"https:\\\/\\\/borgione.kleecks-cdn.com\\\/blog\\\/wp-content\\\/uploads\\\/2024\\\/11\\\/immagine-di-copertina_alzheimer1.jpg\",\"width\":1500,\"height\":1000},{\"@type\":\"BreadcrumbList\",\"@id\":\"https:\\\/\\\/www.borgione.it\\\/blog\\\/alzheimer-cafe-cose-vantaggi-e-materiali-per-organizzarlo#breadcrumb\",\"itemListElement\":[{\"@type\":\"ListItem\",\"position\":1,\"name\":\"Home\",\"item\":\"https:\\\/\\\/www.borgione.it\\\/blog\\\/\"},{\"@type\":\"ListItem\",\"position\":2,\"name\":\"Alzheimer caf\u00e8: cos\u2019\u00e8, vantaggi e materiali per organizzarlo\"}]},{\"@type\":\"WebSite\",\"@id\":\"https:\\\/\\\/www.borgione.it\\\/blog\\\/#website\",\"url\":\"https:\\\/\\\/www.borgione.it\\\/blog\\\/\",\"name\":\"Blog - Borgione Centro Didattico\",\"description\":\"\",\"potentialAction\":[{\"@type\":\"SearchAction\",\"target\":{\"@type\":\"EntryPoint\",\"urlTemplate\":\"https:\\\/\\\/www.borgione.it\\\/blog\\\/?s=%7Bsearch_term_string%7D\"},\"query-input\":{\"@type\":\"PropertyValueSpecification\",\"valueRequired\":true,\"valueName\":\"search_term_string\"}}],\"inLanguage\":\"it-IT\"},{\"@type\":\"Person\",\"@id\":\"https:\\\/\\\/www.borgione.it\\\/blog\\\/#\\\/schema\\\/person\\\/bb4fae3563bf6aeb9a930be52a475542\",\"name\":\"Moonify\",\"url\":\"https:\\\/\\\/www.borgione.it\\\/blog\\\/author\\\/melissa-polello\\\/\"}]}<\/script>\n<!-- \/ Yoast SEO plugin. -->","yoast_head_json":{"title":"Alzheimer caf\u00e8: cos\u2019\u00e8, vantaggi e materiali per organizzarlo - Blog - Borgione Centro Didattico","description":"L\u2019Alzheimer Caf\u00e8 \u00e8 un luogo protetto e dedicato a incontro e condivisione: vediamo come viene strutturato e quali materiali si utilizzano","robots":{"index":"index","follow":"follow","max-snippet":"max-snippet:-1","max-image-preview":"max-image-preview:large","max-video-preview":"max-video-preview:-1"},"canonical":"https:\/\/www.borgione.it\/blog\/alzheimer-cafe-cose-vantaggi-e-materiali-per-organizzarlo\/","og_locale":"it_IT","og_type":"article","og_title":"Alzheimer caf\u00e8: cos\u2019\u00e8, vantaggi e materiali per organizzarlo - Blog - Borgione Centro Didattico","og_description":"L\u2019Alzheimer Caf\u00e8 \u00e8 un luogo protetto e dedicato a incontro e condivisione: vediamo come viene strutturato e quali materiali si utilizzano","og_url":"https:\/\/www.borgione.it\/blog\/alzheimer-cafe-cose-vantaggi-e-materiali-per-organizzarlo\/","og_site_name":"Blog - Borgione Centro Didattico","article_published_time":"2024-11-28T08:42:17+00:00","article_modified_time":"2025-09-16T09:36:43+00:00","og_image":[{"width":1500,"height":1000,"url":"https:\/\/borgione.kleecks-cdn.com\/blog\/wp-content\/uploads\/2024\/11\/immagine-di-copertina_alzheimer1.jpg","type":"image\/jpeg"}],"author":"Moonify","twitter_card":"summary_large_image","twitter_misc":{"Written by":"Moonify","Est. reading time":"7 minuti"},"schema":{"@context":"https:\/\/schema.org","@graph":[{"@type":"Article","@id":"https:\/\/www.borgione.it\/blog\/alzheimer-cafe-cose-vantaggi-e-materiali-per-organizzarlo#article","isPartOf":{"@id":"https:\/\/www.borgione.it\/blog\/alzheimer-cafe-cose-vantaggi-e-materiali-per-organizzarlo\/"},"author":{"name":"Moonify","@id":"https:\/\/www.borgione.it\/blog\/#\/schema\/person\/bb4fae3563bf6aeb9a930be52a475542"},"headline":"Alzheimer caf\u00e8: cos\u2019\u00e8, vantaggi e materiali per organizzarlo","datePublished":"2024-11-28T08:42:17+00:00","dateModified":"2025-09-16T09:36:43+00:00","mainEntityOfPage":{"@id":"https:\/\/www.borgione.it\/blog\/alzheimer-cafe-cose-vantaggi-e-materiali-per-organizzarlo\/"},"wordCount":993,"commentCount":0,"image":{"@id":"https:\/\/www.borgione.it\/blog\/alzheimer-cafe-cose-vantaggi-e-materiali-per-organizzarlo#primaryimage"},"thumbnailUrl":"https:\/\/borgione.kleecks-cdn.com\/blog\/wp-content\/uploads\/2024\/11\/immagine-di-copertina_alzheimer1.jpg","articleSection":["Angolo del Terapista"],"inLanguage":"it-IT","potentialAction":[{"@type":"CommentAction","name":"Comment","target":["https:\/\/www.borgione.it\/blog\/alzheimer-cafe-cose-vantaggi-e-materiali-per-organizzarlo#respond"]}]},{"@type":"WebPage","@id":"https:\/\/www.borgione.it\/blog\/alzheimer-cafe-cose-vantaggi-e-materiali-per-organizzarlo\/","url":"https:\/\/www.borgione.it\/blog\/alzheimer-cafe-cose-vantaggi-e-materiali-per-organizzarlo\/","name":"Alzheimer caf\u00e8: cos\u2019\u00e8, vantaggi e materiali per organizzarlo - Blog - Borgione Centro Didattico","isPartOf":{"@id":"https:\/\/www.borgione.it\/blog\/#website"},"primaryImageOfPage":{"@id":"https:\/\/www.borgione.it\/blog\/alzheimer-cafe-cose-vantaggi-e-materiali-per-organizzarlo#primaryimage"},"image":{"@id":"https:\/\/www.borgione.it\/blog\/alzheimer-cafe-cose-vantaggi-e-materiali-per-organizzarlo#primaryimage"},"thumbnailUrl":"https:\/\/borgione.kleecks-cdn.com\/blog\/wp-content\/uploads\/2024\/11\/immagine-di-copertina_alzheimer1.jpg","datePublished":"2024-11-28T08:42:17+00:00","dateModified":"2025-09-16T09:36:43+00:00","author":{"@id":"https:\/\/www.borgione.it\/blog\/#\/schema\/person\/bb4fae3563bf6aeb9a930be52a475542"},"description":"L\u2019Alzheimer Caf\u00e8 \u00e8 un luogo protetto e dedicato a incontro e condivisione: vediamo come viene strutturato e quali materiali si utilizzano","breadcrumb":{"@id":"https:\/\/www.borgione.it\/blog\/alzheimer-cafe-cose-vantaggi-e-materiali-per-organizzarlo#breadcrumb"},"inLanguage":"it-IT","potentialAction":[{"@type":"ReadAction","target":["https:\/\/www.borgione.it\/blog\/alzheimer-cafe-cose-vantaggi-e-materiali-per-organizzarlo\/"]}]},{"@type":"ImageObject","inLanguage":"it-IT","@id":"https:\/\/www.borgione.it\/blog\/alzheimer-cafe-cose-vantaggi-e-materiali-per-organizzarlo#primaryimage","url":"https:\/\/borgione.kleecks-cdn.com\/blog\/wp-content\/uploads\/2024\/11\/immagine-di-copertina_alzheimer1.jpg","contentUrl":"https:\/\/borgione.kleecks-cdn.com\/blog\/wp-content\/uploads\/2024\/11\/immagine-di-copertina_alzheimer1.jpg","width":1500,"height":1000},{"@type":"BreadcrumbList","@id":"https:\/\/www.borgione.it\/blog\/alzheimer-cafe-cose-vantaggi-e-materiali-per-organizzarlo#breadcrumb","itemListElement":[{"@type":"ListItem","position":1,"name":"Home","item":"https:\/\/www.borgione.it\/blog\/"},{"@type":"ListItem","position":2,"name":"Alzheimer caf\u00e8: cos\u2019\u00e8, vantaggi e materiali per organizzarlo"}]},{"@type":"WebSite","@id":"https:\/\/www.borgione.it\/blog\/#website","url":"https:\/\/www.borgione.it\/blog\/","name":"Blog - Borgione Centro Didattico","description":"","potentialAction":[{"@type":"SearchAction","target":{"@type":"EntryPoint","urlTemplate":"https:\/\/www.borgione.it\/blog\/?s=%7Bsearch_term_string%7D"},"query-input":{"@type":"PropertyValueSpecification","valueRequired":true,"valueName":"search_term_string"}}],"inLanguage":"it-IT"},{"@type":"Person","@id":"https:\/\/www.borgione.it\/blog\/#\/schema\/person\/bb4fae3563bf6aeb9a930be52a475542","name":"Moonify","url":"https:\/\/www.borgione.it\/blog\/author\/melissa-polello\/"}]}},"_links":{"self":[{"href":"https:\/\/www.borgione.it\/blog\/wp-json\/wp\/v2\/posts\/8771","targetHints":{"allow":["GET"]}}],"collection":[{"href":"https:\/\/www.borgione.it\/blog\/wp-json\/wp\/v2\/posts"}],"about":[{"href":"https:\/\/www.borgione.it\/blog\/wp-json\/wp\/v2\/types\/post"}],"author":[{"embeddable":true,"href":"https:\/\/www.borgione.it\/blog\/wp-json\/wp\/v2\/users\/36"}],"replies":[{"embeddable":true,"href":"https:\/\/www.borgione.it\/blog\/wp-json\/wp\/v2\/comments?post=8771"}],"version-history":[{"count":6,"href":"https:\/\/www.borgione.it\/blog\/wp-json\/wp\/v2\/posts\/8771\/revisions"}],"predecessor-version":[{"id":9527,"href":"https:\/\/www.borgione.it\/blog\/wp-json\/wp\/v2\/posts\/8771\/revisions\/9527"}],"wp:featuredmedia":[{"embeddable":true,"href":"https:\/\/www.borgione.it\/blog\/wp-json\/wp\/v2\/media\/8777"}],"wp:attachment":[{"href":"https:\/\/www.borgione.it\/blog\/wp-json\/wp\/v2\/media?parent=8771"}],"wp:term":[{"taxonomy":"category","embeddable":true,"href":"https:\/\/www.borgione.it\/blog\/wp-json\/wp\/v2\/categories?post=8771"},{"taxonomy":"post_tag","embeddable":true,"href":"https:\/\/www.borgione.it\/blog\/wp-json\/wp\/v2\/tags?post=8771"}],"curies":[{"name":"wp","href":"https:\/\/api.w.org\/{rel}","templated":true}]}}