{"id":8602,"date":"2024-08-01T10:00:11","date_gmt":"2024-08-01T08:00:11","guid":{"rendered":"https:\/\/www.borgione.it\/blog\/?p=8602"},"modified":"2025-09-16T14:17:23","modified_gmt":"2025-09-16T12:17:23","slug":"ortoterapia-cose-e-come-usarla-nel-trattamento-di-autismo-e-demenza","status":"publish","type":"post","link":"https:\/\/www.borgione.it\/blog\/ortoterapia-cose-e-come-usarla-nel-trattamento-di-autismo-e-demenza\/","title":{"rendered":"Ortoterapia: cos&#8217;\u00e8 e come usarla nel trattamento di autismo e demenza"},"content":{"rendered":"<p><span style=\"font-weight: 400;\">L&#8217;<\/span><b>ortoterapia<\/b><span style=\"font-weight: 400;\">, o terapia orticolturale, \u00e8 un approccio terapeutico che utilizza le attivit\u00e0 di giardinaggio e la cura delle piante per migliorare il <\/span><b>benessere fisico e mentale<\/b><span style=\"font-weight: 400;\"> delle persone, partendo dal contatto diretto con il verde per stimolare i sensi, promuovere la calma e favorire l&#8217;attivit\u00e0 fisica.\u00a0<\/span><\/p>\n<p><span style=\"font-weight: 400;\">Parliamo quindi di un approccio particolarmente efficace nel trattamento di condizioni come i <\/span><b>disturbi dello spettro dell\u2019autismo<\/b><span style=\"font-weight: 400;\"> e la <\/span><b>demenza<\/b><span style=\"font-weight: 400;\">, poich\u00e9 offre un ambiente strutturato e prevedibile che pu\u00f2 aiutare a ridurre l&#8217;ansia e migliorare l&#8217;umore.\u00a0<\/span><\/p>\n<p><span style=\"font-weight: 400;\">In questo articolo analizziamo le possibili strade da percorrere per i terapisti.<\/span><\/p>\n<p><a href=\"https:\/\/www.borgione.it\/alzheimer-e-demenza-tutto-quello-che-un-buon-terapista-deve-assolutamente-sapere?utm_source=blog&amp;utm_medium=banner&amp;utm_campaign=ebook_alzheimer\"><img decoding=\"async\" class=\"aligncenter size-full wp-image-9420\" src=\"https:\/\/borgione.kleecks-cdn.com\/blog\/wp-content\/uploads\/2022\/12\/scarica-ebook-gratuito-alzheimer-terapisti-1.jpg\" alt=\"\" width=\"850\" height=\"370\" srcset=\"https:\/\/www.borgione.it\/blog\/wp-content\/uploads\/2022\/12\/scarica-ebook-gratuito-alzheimer-terapisti-1.jpg%20850w,%20https:\/blog.borgione.it\/wp-content\/uploads\/2022\/12\/scarica-ebook-gratuito-alzheimer-terapisti-1-300x131.jpg%20300w,%20https:\/blog.borgione.it\/wp-content\/uploads\/2022\/12\/scarica-ebook-gratuito-alzheimer-terapisti-1-768x334.jpg%20768w\" sizes=\"(max-width: 850px) 100vw, 850px\" \/><\/a><\/p>\n<h2><span style=\"font-weight: 400;\">Benefici potenziali dell\u2019ortoterapia\u00a0<\/span><\/h2>\n<p><span style=\"font-weight: 400;\">Per i terapisti impegnati nel trattamento di disturbi nello spettro dell\u2019autismo, l\u2019ortoterapia pu\u00f2 fornire un <\/span><b>ambiente strutturato e rilassante<\/b><span style=\"font-weight: 400;\">, che contribuisce a ridurre l\u2019ansia e la tendenza al comportamento ripetitivo. Le attivit\u00e0 di giardinaggio, come piantare semi, annaffiare e raccogliere frutti, migliorano la motricit\u00e0 fine e grossolana, aiutando a sviluppare le capacit\u00e0 motorie.<\/span><\/p>\n<p><span style=\"font-weight: 400;\">Non solo: l&#8217;interazione con la natura e la cura delle piante offrono un senso di realizzazione e di responsabilit\u00e0, contribuendo a migliorare l&#8217;<\/span><b>autostima<\/b><span style=\"font-weight: 400;\">. E in alcuni casi i terapisti possono decidere di organizzare un <\/span><b>lavoro di gruppo<\/b><span style=\"font-weight: 400;\">, promuovendo abilit\u00e0 sociali e comunicative in un ambiente controllato.<\/span><\/p>\n<p><span style=\"font-weight: 400;\">Se parliamo del trattamento della <\/span><b>demenza<\/b><span style=\"font-weight: 400;\">, l&#8217;ortoterapia pu\u00f2 aiutare a rallentare il declino della memoria e delle funzioni cognitive, poich\u00e9 le attivit\u00e0 ripetitive e strutturate del giardinaggio stimolano il cervello e favoriscono la <\/span><b>concentrazione<\/b><span style=\"font-weight: 400;\">. Inoltre, il contatto con la natura e il lavoro all&#8217;aria aperta possono ridurre l&#8217;ansia, lo stress e i sintomi di depressione, spesso comuni nelle persone con demenza.<\/span><\/p>\n<div id=\"attachment_8603\" style=\"width: 1170px\" class=\"wp-caption alignnone\"><img decoding=\"async\" aria-describedby=\"caption-attachment-8603\" class=\"size-full wp-image-8603\" src=\"https:\/\/borgione.kleecks-cdn.com\/blog\/wp-content\/uploads\/2024\/07\/ortoterapia-immagine-emotiva.jpg\" alt=\"\" width=\"1160\" height=\"773\" srcset=\"https:\/\/www.borgione.it\/blog\/wp-content\/uploads\/2024\/07\/ortoterapia-immagine-emotiva.jpg%201160w,%20https:\/blog.borgione.it\/wp-content\/uploads\/2024\/07\/ortoterapia-immagine-emotiva-300x200.jpg%20300w,%20https:\/blog.borgione.it\/wp-content\/uploads\/2024\/07\/ortoterapia-immagine-emotiva-1024x682.jpg%201024w,%20https:\/blog.borgione.it\/wp-content\/uploads\/2024\/07\/ortoterapia-immagine-emotiva-768x512.jpg%20768w\" sizes=\"(max-width: 1160px) 100vw, 1160px\" \/><p id=\"caption-attachment-8603\" class=\"wp-caption-text\">Ortoterapia: coppia anziana che tiene tra le mani una piantina<\/p><\/div>\n<p><i><span style=\"font-weight: 400;\">Leggi anche \u201c<\/span><\/i><a href=\"https:\/\/www.borgione.it\/blog\/attivita-per-motricita-fine-nella-riabilitazione-materiali-utili\"><i><span style=\"font-weight: 400;\">ATTIVIT\u00c0 PER MOTRICIT\u00c0 FINE NELLA RIABILITAZIONE: MATERIALI UTILI<\/span><\/i><\/a><i><span style=\"font-weight: 400;\">\u201d<\/span><\/i><\/p>\n<h2><span style=\"font-weight: 400;\">Supporti materiali per la terapia orticolturale<\/span><\/h2>\n<p><span style=\"font-weight: 400;\">Come per altre tipologie di trattamento, i terapisti possono scegliere di avvalersi di <\/span><b>supporti materiali dedicati<\/b><span style=\"font-weight: 400;\"> per garantire un&#8217;esperienza di giardinaggio sicura e accessibile.<\/span><\/p>\n<p><span style=\"font-weight: 400;\">In questo scenario, risultano particolarmente utili le <\/span><a href=\"https:\/\/www.borgione.it\/ortolegno-6-scomparti\"><b>strutture in legno con scomparti rialzati<\/b><\/a><span style=\"font-weight: 400;\">, che permettono di lavorare senza dover stare a terra, riducendo lo sforzo sulla schiena e sulle articolazioni e rendendo il giardinaggio pi\u00f9 <\/span><b>accessibile<\/b><span style=\"font-weight: 400;\"> anche per gli anziani o per chi ha problemi di mobilit\u00e0. Le strutture rialzate consentono inoltre di praticare l\u2019<\/span><b>ortoterapia al coperto<\/b><span style=\"font-weight: 400;\"> o in ambienti come garage e verande, svincolando il terapista dalla necessit\u00e0 di uno spazio all\u2019aperto.<\/span><\/p>\n<p><span style=\"font-weight: 400;\">Altri materiali possono includere <\/span><a href=\"https:\/\/www.borgione.it\/giochi-educativi-per-bambini\/giochi-da-giardino\/giardinaggio\/fioriera-rettangolare\"><span style=\"font-weight: 400;\">fioriere<\/span><\/a><span style=\"font-weight: 400;\">, <\/span><a href=\"https:\/\/www.borgione.it\/giochi-educativi-per-bambini\/giochi-da-giardino\/giochi-da-spiaggia\/attrezzi-da-giardinaggio-per-la-classe-15-pezzi\"><span style=\"font-weight: 400;\">attrezzi da giardinaggio<\/span><\/a><span style=\"font-weight: 400;\">, contenitori per il compostaggio\u00a0 e supporti visivi come etichette colorate e cartelli, che aiutano a identificare le piante e a ricordare le attivit\u00e0 da svolgere.<\/span><\/p>\n<p><span style=\"font-weight: 400;\">Questi materiali non solo facilitano il giardinaggio, ma diventano parte integrante di un <\/span><b>ambiente terapeutico e inclusivo<\/b><span style=\"font-weight: 400;\">.<\/span><\/p>\n<div id=\"attachment_8605\" style=\"width: 910px\" class=\"wp-caption aligncenter\"><img decoding=\"async\" aria-describedby=\"caption-attachment-8605\" class=\"size-full wp-image-8605\" src=\"https:\/\/borgione.kleecks-cdn.com\/blog\/wp-content\/uploads\/2024\/07\/attrezzi-da-giardinaggio.webp\" alt=\"\" width=\"900\" height=\"900\" srcset=\"https:\/\/www.borgione.it\/blog\/wp-content\/uploads\/2024\/07\/attrezzi-da-giardinaggio.webp%20900w,%20https:\/blog.borgione.it\/wp-content\/uploads\/2024\/07\/attrezzi-da-giardinaggio-300x300.webp%20300w,%20https:\/blog.borgione.it\/wp-content\/uploads\/2024\/07\/attrezzi-da-giardinaggio-150x150.webp%20150w,%20https:\/blog.borgione.it\/wp-content\/uploads\/2024\/07\/attrezzi-da-giardinaggio-768x768.webp%20768w,%20https:\/blog.borgione.it\/wp-content\/uploads\/2024\/07\/attrezzi-da-giardinaggio-400x400.webp%20400w,%20https:\/blog.borgione.it\/wp-content\/uploads\/2024\/07\/attrezzi-da-giardinaggio-125x125.webp%20125w\" sizes=\"(max-width: 900px) 100vw, 900px\" \/><p id=\"caption-attachment-8605\" class=\"wp-caption-text\">Attrezzi da giardinaggio &#8211; Borgione<\/p><\/div>\n<p><i><span style=\"font-weight: 400;\">Leggi anche \u201c<\/span><\/i><a href=\"https:\/\/www.borgione.it\/blog\/pedagogia-autismo-e-funzioni-esecutive-introduzione-ed-esercizi\"><i><span style=\"font-weight: 400;\">AUTISMO E FUNZIONI ESECUTIVE: INTRODUZIONE ED ESERCIZI<\/span><\/i><\/a><i><span style=\"font-weight: 400;\">\u201d<\/span><\/i><\/p>\n<h2><span style=\"font-weight: 400;\">Ruolo di terapisti e caregiver<\/span><\/h2>\n<p><span style=\"font-weight: 400;\">Nel corso delle sessioni di ortoterapia, il ruolo del <\/span><b>terapista<\/b><span style=\"font-weight: 400;\"> \u00e8 progettare e guidare le attivit\u00e0 in modo strutturato e coerente con il percorso di cura stabilito. A tutti gli effetti, l\u2019ortoterapia diventa uno strumento per migliorare diverse abilit\u00e0, tra cui la motricit\u00e0 fine, la coordinazione occhio-mano e le capacit\u00e0 cognitive: come tale, ogni particolare deve rispondere alle capacit\u00e0 e ai bisogni individuali dei partecipanti.<\/span><\/p>\n<p><span style=\"font-weight: 400;\">In queste sessioni vengono spesso coinvolti anche i <\/span><b>caregiver<\/b><span style=\"font-weight: 400;\">, spesso pi\u00f9 vicini ai pazienti nel loro quotidiano: assistono i terapisti durante le sessioni, aiutano i partecipanti nelle attivit\u00e0 pratiche e garantiscono che le istruzioni siano seguite correttamente.<\/span><\/p>\n<p><a href=\"https:\/\/www.borgione.it\/specialmente-e-multisensorialita?utm_source=blog&amp;utm_medium=banner&amp;utm_campaign=angolodelterapista\"><img decoding=\"async\" class=\"aligncenter\" src=\"https:\/\/borgione.kleecks-cdn.com\/media\/attachments\/scopri-specialmente.jpg\" alt=\"\" width=\"850\" height=\"370\" \/><\/a><\/p>\n","protected":false},"excerpt":{"rendered":"<p>L&#8217;ortoterapia, o terapia orticolturale, \u00e8 un approccio terapeutico che utilizza le attivit\u00e0 di giardinaggio e la cura delle piante per migliorare il benessere fisico e mentale delle persone, partendo dal contatto diretto con il verde per stimolare i sensi, promuovere la calma e favorire l&#8217;attivit\u00e0 fisica.\u00a0 Parliamo quindi di un approccio particolarmente efficace nel trattamento [&hellip;]<\/p>\n","protected":false},"author":39,"featured_media":8604,"comment_status":"open","ping_status":"open","sticky":false,"template":"","format":"standard","meta":{"_genesis_hide_title":false,"_genesis_hide_breadcrumbs":false,"_genesis_hide_singular_image":false,"_genesis_hide_footer_widgets":false,"_genesis_custom_body_class":"","_genesis_custom_post_class":"","_genesis_layout":"","footnotes":""},"categories":[7],"tags":[],"class_list":{"0":"post-8602","1":"post","2":"type-post","3":"status-publish","4":"format-standard","5":"has-post-thumbnail","7":"category-pedagogia","8":"entry"},"yoast_head":"<!-- This site is optimized with the Yoast SEO plugin v27.4 - https:\/\/yoast.com\/product\/yoast-seo-wordpress\/ -->\n<title>Ortoterapia: cos&#039;\u00e8 e come usarla nel trattamento di autismo e demenza<\/title>\n<meta name=\"description\" content=\"L\u2019ortoterapia pu\u00f2 essere usata dai terapisti nel trattamento della demenza e di disturbi dello spettro dell\u2019autismo.\" \/>\n<meta name=\"robots\" content=\"index, follow, max-snippet:-1, max-image-preview:large, max-video-preview:-1\" \/>\n<link rel=\"canonical\" href=\"https:\/\/www.borgione.it\/blog\/ortoterapia-cose-e-come-usarla-nel-trattamento-di-autismo-e-demenza\/\" \/>\n<meta property=\"og:locale\" content=\"it_IT\" \/>\n<meta property=\"og:type\" content=\"article\" \/>\n<meta property=\"og:title\" content=\"Ortoterapia: cos&#039;\u00e8 e come usarla nel trattamento di autismo e demenza\" \/>\n<meta property=\"og:description\" content=\"L\u2019ortoterapia pu\u00f2 essere usata dai terapisti nel trattamento della demenza e di disturbi dello spettro dell\u2019autismo.\" \/>\n<meta property=\"og:url\" content=\"https:\/\/www.borgione.it\/blog\/ortoterapia-cose-e-come-usarla-nel-trattamento-di-autismo-e-demenza\/\" \/>\n<meta property=\"og:site_name\" content=\"Blog - Borgione Centro Didattico\" \/>\n<meta property=\"article:published_time\" content=\"2024-08-01T08:00:11+00:00\" \/>\n<meta property=\"article:modified_time\" content=\"2025-09-16T12:17:23+00:00\" \/>\n<meta property=\"og:image\" content=\"https:\/\/borgione.kleecks-cdn.com\/blog\/wp-content\/uploads\/2024\/07\/ortoterapia-immagine-copertina-e1721995127944.jpg\" \/>\n\t<meta property=\"og:image:width\" content=\"749\" \/>\n\t<meta property=\"og:image:height\" content=\"749\" \/>\n\t<meta property=\"og:image:type\" content=\"image\/jpeg\" \/>\n<meta name=\"author\" content=\"Moonify\" \/>\n<meta name=\"twitter:card\" content=\"summary_large_image\" \/>\n<meta name=\"twitter:label1\" content=\"Written by\" \/>\n\t<meta name=\"twitter:data1\" content=\"Moonify\" \/>\n\t<meta name=\"twitter:label2\" content=\"Est. reading time\" \/>\n\t<meta name=\"twitter:data2\" content=\"4 minuti\" \/>\n<script type=\"application\/ld+json\" class=\"yoast-schema-graph\">{\"@context\":\"https:\\\/\\\/schema.org\",\"@graph\":[{\"@type\":\"Article\",\"@id\":\"https:\\\/\\\/www.borgione.it\\\/blog\\\/ortoterapia-cose-e-come-usarla-nel-trattamento-di-autismo-e-demenza#article\",\"isPartOf\":{\"@id\":\"https:\\\/\\\/www.borgione.it\\\/blog\\\/ortoterapia-cose-e-come-usarla-nel-trattamento-di-autismo-e-demenza\\\/\"},\"author\":{\"name\":\"Moonify\",\"@id\":\"https:\\\/\\\/www.borgione.it\\\/blog\\\/#\\\/schema\\\/person\\\/c2d295bad02327639f7fc920b67df6eb\"},\"headline\":\"Ortoterapia: cos&#8217;\u00e8 e come usarla nel trattamento di autismo e demenza\",\"datePublished\":\"2024-08-01T08:00:11+00:00\",\"dateModified\":\"2025-09-16T12:17:23+00:00\",\"mainEntityOfPage\":{\"@id\":\"https:\\\/\\\/www.borgione.it\\\/blog\\\/ortoterapia-cose-e-come-usarla-nel-trattamento-di-autismo-e-demenza\\\/\"},\"wordCount\":584,\"commentCount\":0,\"image\":{\"@id\":\"https:\\\/\\\/www.borgione.it\\\/blog\\\/ortoterapia-cose-e-come-usarla-nel-trattamento-di-autismo-e-demenza#primaryimage\"},\"thumbnailUrl\":\"https:\\\/\\\/borgione.kleecks-cdn.com\\\/blog\\\/wp-content\\\/uploads\\\/2024\\\/07\\\/ortoterapia-immagine-copertina-e1721995127944.jpg\",\"articleSection\":[\"Angolo del Terapista\"],\"inLanguage\":\"it-IT\",\"potentialAction\":[{\"@type\":\"CommentAction\",\"name\":\"Comment\",\"target\":[\"https:\\\/\\\/www.borgione.it\\\/blog\\\/ortoterapia-cose-e-come-usarla-nel-trattamento-di-autismo-e-demenza#respond\"]}]},{\"@type\":\"WebPage\",\"@id\":\"https:\\\/\\\/www.borgione.it\\\/blog\\\/ortoterapia-cose-e-come-usarla-nel-trattamento-di-autismo-e-demenza\\\/\",\"url\":\"https:\\\/\\\/www.borgione.it\\\/blog\\\/ortoterapia-cose-e-come-usarla-nel-trattamento-di-autismo-e-demenza\\\/\",\"name\":\"Ortoterapia: cos'\u00e8 e come usarla nel trattamento di autismo e demenza\",\"isPartOf\":{\"@id\":\"https:\\\/\\\/www.borgione.it\\\/blog\\\/#website\"},\"primaryImageOfPage\":{\"@id\":\"https:\\\/\\\/www.borgione.it\\\/blog\\\/ortoterapia-cose-e-come-usarla-nel-trattamento-di-autismo-e-demenza#primaryimage\"},\"image\":{\"@id\":\"https:\\\/\\\/www.borgione.it\\\/blog\\\/ortoterapia-cose-e-come-usarla-nel-trattamento-di-autismo-e-demenza#primaryimage\"},\"thumbnailUrl\":\"https:\\\/\\\/borgione.kleecks-cdn.com\\\/blog\\\/wp-content\\\/uploads\\\/2024\\\/07\\\/ortoterapia-immagine-copertina-e1721995127944.jpg\",\"datePublished\":\"2024-08-01T08:00:11+00:00\",\"dateModified\":\"2025-09-16T12:17:23+00:00\",\"author\":{\"@id\":\"https:\\\/\\\/www.borgione.it\\\/blog\\\/#\\\/schema\\\/person\\\/c2d295bad02327639f7fc920b67df6eb\"},\"description\":\"L\u2019ortoterapia pu\u00f2 essere usata dai terapisti nel trattamento della demenza e di disturbi dello spettro dell\u2019autismo.\",\"breadcrumb\":{\"@id\":\"https:\\\/\\\/www.borgione.it\\\/blog\\\/ortoterapia-cose-e-come-usarla-nel-trattamento-di-autismo-e-demenza#breadcrumb\"},\"inLanguage\":\"it-IT\",\"potentialAction\":[{\"@type\":\"ReadAction\",\"target\":[\"https:\\\/\\\/www.borgione.it\\\/blog\\\/ortoterapia-cose-e-come-usarla-nel-trattamento-di-autismo-e-demenza\\\/\"]}]},{\"@type\":\"ImageObject\",\"inLanguage\":\"it-IT\",\"@id\":\"https:\\\/\\\/www.borgione.it\\\/blog\\\/ortoterapia-cose-e-come-usarla-nel-trattamento-di-autismo-e-demenza#primaryimage\",\"url\":\"https:\\\/\\\/borgione.kleecks-cdn.com\\\/blog\\\/wp-content\\\/uploads\\\/2024\\\/07\\\/ortoterapia-immagine-copertina-e1721995127944.jpg\",\"contentUrl\":\"https:\\\/\\\/borgione.kleecks-cdn.com\\\/blog\\\/wp-content\\\/uploads\\\/2024\\\/07\\\/ortoterapia-immagine-copertina-e1721995127944.jpg\",\"width\":749,\"height\":749,\"caption\":\"ortoterapia: coppia anziana che raccoglie i limoni dalla pianta\"},{\"@type\":\"BreadcrumbList\",\"@id\":\"https:\\\/\\\/www.borgione.it\\\/blog\\\/ortoterapia-cose-e-come-usarla-nel-trattamento-di-autismo-e-demenza#breadcrumb\",\"itemListElement\":[{\"@type\":\"ListItem\",\"position\":1,\"name\":\"Home\",\"item\":\"https:\\\/\\\/www.borgione.it\\\/blog\\\/\"},{\"@type\":\"ListItem\",\"position\":2,\"name\":\"Ortoterapia: cos&#8217;\u00e8 e come usarla nel trattamento di autismo e demenza\"}]},{\"@type\":\"WebSite\",\"@id\":\"https:\\\/\\\/www.borgione.it\\\/blog\\\/#website\",\"url\":\"https:\\\/\\\/www.borgione.it\\\/blog\\\/\",\"name\":\"Blog - Borgione Centro Didattico\",\"description\":\"\",\"potentialAction\":[{\"@type\":\"SearchAction\",\"target\":{\"@type\":\"EntryPoint\",\"urlTemplate\":\"https:\\\/\\\/www.borgione.it\\\/blog\\\/?s=%7Bsearch_term_string%7D\"},\"query-input\":{\"@type\":\"PropertyValueSpecification\",\"valueRequired\":true,\"valueName\":\"search_term_string\"}}],\"inLanguage\":\"it-IT\"},{\"@type\":\"Person\",\"@id\":\"https:\\\/\\\/www.borgione.it\\\/blog\\\/#\\\/schema\\\/person\\\/c2d295bad02327639f7fc920b67df6eb\",\"name\":\"Moonify\",\"url\":\"https:\\\/\\\/www.borgione.it\\\/blog\\\/author\\\/susanna-rotamoonify-it\\\/\"}]}<\/script>\n<!-- \/ Yoast SEO plugin. -->","yoast_head_json":{"title":"Ortoterapia: cos'\u00e8 e come usarla nel trattamento di autismo e demenza","description":"L\u2019ortoterapia pu\u00f2 essere usata dai terapisti nel trattamento della demenza e di disturbi dello spettro dell\u2019autismo.","robots":{"index":"index","follow":"follow","max-snippet":"max-snippet:-1","max-image-preview":"max-image-preview:large","max-video-preview":"max-video-preview:-1"},"canonical":"https:\/\/www.borgione.it\/blog\/ortoterapia-cose-e-come-usarla-nel-trattamento-di-autismo-e-demenza\/","og_locale":"it_IT","og_type":"article","og_title":"Ortoterapia: cos'\u00e8 e come usarla nel trattamento di autismo e demenza","og_description":"L\u2019ortoterapia pu\u00f2 essere usata dai terapisti nel trattamento della demenza e di disturbi dello spettro dell\u2019autismo.","og_url":"https:\/\/www.borgione.it\/blog\/ortoterapia-cose-e-come-usarla-nel-trattamento-di-autismo-e-demenza\/","og_site_name":"Blog - Borgione Centro Didattico","article_published_time":"2024-08-01T08:00:11+00:00","article_modified_time":"2025-09-16T12:17:23+00:00","og_image":[{"width":749,"height":749,"url":"https:\/\/borgione.kleecks-cdn.com\/blog\/wp-content\/uploads\/2024\/07\/ortoterapia-immagine-copertina-e1721995127944.jpg","type":"image\/jpeg"}],"author":"Moonify","twitter_card":"summary_large_image","twitter_misc":{"Written by":"Moonify","Est. reading time":"4 minuti"},"schema":{"@context":"https:\/\/schema.org","@graph":[{"@type":"Article","@id":"https:\/\/www.borgione.it\/blog\/ortoterapia-cose-e-come-usarla-nel-trattamento-di-autismo-e-demenza#article","isPartOf":{"@id":"https:\/\/www.borgione.it\/blog\/ortoterapia-cose-e-come-usarla-nel-trattamento-di-autismo-e-demenza\/"},"author":{"name":"Moonify","@id":"https:\/\/www.borgione.it\/blog\/#\/schema\/person\/c2d295bad02327639f7fc920b67df6eb"},"headline":"Ortoterapia: cos&#8217;\u00e8 e come usarla nel trattamento di autismo e demenza","datePublished":"2024-08-01T08:00:11+00:00","dateModified":"2025-09-16T12:17:23+00:00","mainEntityOfPage":{"@id":"https:\/\/www.borgione.it\/blog\/ortoterapia-cose-e-come-usarla-nel-trattamento-di-autismo-e-demenza\/"},"wordCount":584,"commentCount":0,"image":{"@id":"https:\/\/www.borgione.it\/blog\/ortoterapia-cose-e-come-usarla-nel-trattamento-di-autismo-e-demenza#primaryimage"},"thumbnailUrl":"https:\/\/borgione.kleecks-cdn.com\/blog\/wp-content\/uploads\/2024\/07\/ortoterapia-immagine-copertina-e1721995127944.jpg","articleSection":["Angolo del Terapista"],"inLanguage":"it-IT","potentialAction":[{"@type":"CommentAction","name":"Comment","target":["https:\/\/www.borgione.it\/blog\/ortoterapia-cose-e-come-usarla-nel-trattamento-di-autismo-e-demenza#respond"]}]},{"@type":"WebPage","@id":"https:\/\/www.borgione.it\/blog\/ortoterapia-cose-e-come-usarla-nel-trattamento-di-autismo-e-demenza\/","url":"https:\/\/www.borgione.it\/blog\/ortoterapia-cose-e-come-usarla-nel-trattamento-di-autismo-e-demenza\/","name":"Ortoterapia: cos'\u00e8 e come usarla nel trattamento di autismo e demenza","isPartOf":{"@id":"https:\/\/www.borgione.it\/blog\/#website"},"primaryImageOfPage":{"@id":"https:\/\/www.borgione.it\/blog\/ortoterapia-cose-e-come-usarla-nel-trattamento-di-autismo-e-demenza#primaryimage"},"image":{"@id":"https:\/\/www.borgione.it\/blog\/ortoterapia-cose-e-come-usarla-nel-trattamento-di-autismo-e-demenza#primaryimage"},"thumbnailUrl":"https:\/\/borgione.kleecks-cdn.com\/blog\/wp-content\/uploads\/2024\/07\/ortoterapia-immagine-copertina-e1721995127944.jpg","datePublished":"2024-08-01T08:00:11+00:00","dateModified":"2025-09-16T12:17:23+00:00","author":{"@id":"https:\/\/www.borgione.it\/blog\/#\/schema\/person\/c2d295bad02327639f7fc920b67df6eb"},"description":"L\u2019ortoterapia pu\u00f2 essere usata dai terapisti nel trattamento della demenza e di disturbi dello spettro dell\u2019autismo.","breadcrumb":{"@id":"https:\/\/www.borgione.it\/blog\/ortoterapia-cose-e-come-usarla-nel-trattamento-di-autismo-e-demenza#breadcrumb"},"inLanguage":"it-IT","potentialAction":[{"@type":"ReadAction","target":["https:\/\/www.borgione.it\/blog\/ortoterapia-cose-e-come-usarla-nel-trattamento-di-autismo-e-demenza\/"]}]},{"@type":"ImageObject","inLanguage":"it-IT","@id":"https:\/\/www.borgione.it\/blog\/ortoterapia-cose-e-come-usarla-nel-trattamento-di-autismo-e-demenza#primaryimage","url":"https:\/\/borgione.kleecks-cdn.com\/blog\/wp-content\/uploads\/2024\/07\/ortoterapia-immagine-copertina-e1721995127944.jpg","contentUrl":"https:\/\/borgione.kleecks-cdn.com\/blog\/wp-content\/uploads\/2024\/07\/ortoterapia-immagine-copertina-e1721995127944.jpg","width":749,"height":749,"caption":"ortoterapia: coppia anziana che raccoglie i limoni dalla pianta"},{"@type":"BreadcrumbList","@id":"https:\/\/www.borgione.it\/blog\/ortoterapia-cose-e-come-usarla-nel-trattamento-di-autismo-e-demenza#breadcrumb","itemListElement":[{"@type":"ListItem","position":1,"name":"Home","item":"https:\/\/www.borgione.it\/blog\/"},{"@type":"ListItem","position":2,"name":"Ortoterapia: cos&#8217;\u00e8 e come usarla nel trattamento di autismo e demenza"}]},{"@type":"WebSite","@id":"https:\/\/www.borgione.it\/blog\/#website","url":"https:\/\/www.borgione.it\/blog\/","name":"Blog - Borgione Centro Didattico","description":"","potentialAction":[{"@type":"SearchAction","target":{"@type":"EntryPoint","urlTemplate":"https:\/\/www.borgione.it\/blog\/?s=%7Bsearch_term_string%7D"},"query-input":{"@type":"PropertyValueSpecification","valueRequired":true,"valueName":"search_term_string"}}],"inLanguage":"it-IT"},{"@type":"Person","@id":"https:\/\/www.borgione.it\/blog\/#\/schema\/person\/c2d295bad02327639f7fc920b67df6eb","name":"Moonify","url":"https:\/\/www.borgione.it\/blog\/author\/susanna-rotamoonify-it\/"}]}},"_links":{"self":[{"href":"https:\/\/www.borgione.it\/blog\/wp-json\/wp\/v2\/posts\/8602","targetHints":{"allow":["GET"]}}],"collection":[{"href":"https:\/\/www.borgione.it\/blog\/wp-json\/wp\/v2\/posts"}],"about":[{"href":"https:\/\/www.borgione.it\/blog\/wp-json\/wp\/v2\/types\/post"}],"author":[{"embeddable":true,"href":"https:\/\/www.borgione.it\/blog\/wp-json\/wp\/v2\/users\/39"}],"replies":[{"embeddable":true,"href":"https:\/\/www.borgione.it\/blog\/wp-json\/wp\/v2\/comments?post=8602"}],"version-history":[{"count":3,"href":"https:\/\/www.borgione.it\/blog\/wp-json\/wp\/v2\/posts\/8602\/revisions"}],"predecessor-version":[{"id":9543,"href":"https:\/\/www.borgione.it\/blog\/wp-json\/wp\/v2\/posts\/8602\/revisions\/9543"}],"wp:featuredmedia":[{"embeddable":true,"href":"https:\/\/www.borgione.it\/blog\/wp-json\/wp\/v2\/media\/8604"}],"wp:attachment":[{"href":"https:\/\/www.borgione.it\/blog\/wp-json\/wp\/v2\/media?parent=8602"}],"wp:term":[{"taxonomy":"category","embeddable":true,"href":"https:\/\/www.borgione.it\/blog\/wp-json\/wp\/v2\/categories?post=8602"},{"taxonomy":"post_tag","embeddable":true,"href":"https:\/\/www.borgione.it\/blog\/wp-json\/wp\/v2\/tags?post=8602"}],"curies":[{"name":"wp","href":"https:\/\/api.w.org\/{rel}","templated":true}]}}