{"id":7543,"date":"2023-04-27T12:30:34","date_gmt":"2023-04-27T10:30:34","guid":{"rendered":"https:\/\/www.borgione.it\/blog\/?p=7543"},"modified":"2025-08-29T09:14:34","modified_gmt":"2025-08-29T07:14:34","slug":"pedagogia-terapia-occupazionale-e-alzheimer-aspettative-percorso","status":"publish","type":"post","link":"https:\/\/www.borgione.it\/blog\/pedagogia-terapia-occupazionale-e-alzheimer-aspettative-percorso\/","title":{"rendered":"Terapia occupazionale e Alzheimer: le aspettative del percorso"},"content":{"rendered":"<p>Parlare di terapia occupazionale in Italia \u00e8 piuttosto complesso.<\/p>\n<p>E\u2019 difficile trovare una famiglia che conosce e ha richiesto espressamente un terapista occupazionale, a mio avviso perch\u00e9 c\u2019\u00e8 ancora difficolt\u00e0 nell\u2019identificazione del ruolo.<\/p>\n<p>Nell&#8217;articolo vediamo la definizione di questa tipologia di terapia e come adattarla ad un paziente affetto da Alzheimer.<\/p>\n<p>Continua a leggere per saperne di pi\u00f9<\/p>\n<h2>Terapia occupazionale Alzheimer: definizione e applicazione<\/h2>\n<p>Come definito dall&#8217;AITO, l&#8217;Associazione Italiana Terapisti Occupazionali<\/p>\n<blockquote><p>\u201cLa Terapia Occupazionale (TO) \u00e8 una <strong>professione sanitaria<\/strong> della riabilitazione che <a href=\"https:\/\/www.borgione.it\/blog\/pedagogia-terapia-occupazionale-e-indipendenza-del-bambino-spunti-creativi\/\" target=\"_blank\" rel=\"noopener\">promuove la salute e il benessere<\/a> attraverso l\u2019occupazione. E&#8217; un processo riabilitativo che, adoperando come mezzo privilegiato il <u>fare<\/u> e le molteplici <u>attivit\u00e0\u00a0 della vita quotidiana<\/u>, attraverso un intervento individuale o di gruppo, coinvolge la <u>globalit\u00e0 della persona<\/u> con lo scopo di<strong> aiutarne l\u2019adattamento fisico<\/strong>, <strong>psicologico<\/strong> o <strong>sociale<\/strong>, per migliorarne globalmente la qualit\u00e0 di vita pur nella disabilit\u00e0\u201c<\/p><\/blockquote>\n<p>Detto cos\u00ec probabilmente creer\u00e0 ancora pi\u00f9 confusione: lasciatemi fare un esempio concreto.<\/p>\n<p><a href=\"https:\/\/www.borgione.it\/alzheimer-e-demenza-tutto-quello-che-un-buon-terapista-deve-assolutamente-sapere?utm_source=blog&amp;utm_medium=banner&amp;utm_campaign=ebook_alzheimer\"><img decoding=\"async\" class=\"aligncenter wp-image-9420 size-full\" src=\"https:\/\/borgione.kleecks-cdn.com\/blog\/wp-content\/uploads\/2022\/12\/scarica-ebook-gratuito-alzheimer-terapisti-1.jpg\" alt=\"\" width=\"850\" height=\"370\" srcset=\"https:\/\/www.borgione.it\/blog\/wp-content\/uploads\/2022\/12\/scarica-ebook-gratuito-alzheimer-terapisti-1.jpg%20850w,%20https:\/blog.borgione.it\/wp-content\/uploads\/2022\/12\/scarica-ebook-gratuito-alzheimer-terapisti-1-300x131.jpg%20300w,%20https:\/blog.borgione.it\/wp-content\/uploads\/2022\/12\/scarica-ebook-gratuito-alzheimer-terapisti-1-768x334.jpg%20768w\" sizes=\"(max-width: 850px) 100vw, 850px\" \/><\/a><\/p>\n<p>Grazie a Borgione, sono venuta a conoscenza del prodotto \u201c<a href=\"https:\/\/www.borgione.it\/musica-e-libri\/audiovisivi\/sussidi-registrabili\/metti-in-sequenza\" target=\"_blank\" rel=\"noopener\">metti in sequenza<\/a>\u201d, di semplice utilizzo anche per la famiglia, <strong>creato da 6 riquadri contenenti dei foglietti<\/strong>. Ogni riquadro \u00e8 pensato per poter registrare e riascoltare degli audio e per poter leggere le registrazioni o le risposte collegate alla domanda scritta.<\/p>\n<p>Nella maggior parte dei casi, un anziano affetto da <strong>deterioramento cognitivo<\/strong> all\u2019esordio della malattia presenta difficolt\u00e0 ad <strong>orientarsi<\/strong> nello spazio e nel tempo, deficit di memoria a breve termine e difficolt\u00e0 di comprensione e produzione verbale.<\/p>\n<p>In terapia occupazionale Alzheimer, il prodotto \u201cmetti in sequenza\u201d pu\u00f2 esserci utile per:<\/p>\n<ul>\n<li><strong>Creare una routine<\/strong> giornaliera e quindi aiutare il paziente nell\u2019<strong>orientamento temporale<\/strong> (ad esempio ogni riquadro riporta un\u2019attivit\u00e0 fondamentale da svolgere: lavare la faccia, fare colazione, bere qualche bicchiere di acqua, prendere le pastiglie, andare a fare una passeggiata\u2026.). Il paziente ogni volta che svolge una delle attivit\u00e0 indicate dovr\u00e0 segnarlo sul suo diario o su un foglio cos\u00ec da <strong>tenere traccia<\/strong> di avere gi\u00e0 svolto l\u2019attivit\u00e0.<\/li>\n<li><strong>Creare un punto di riferimento<\/strong> con le informazioni basilari che gli servono per avere un <strong>rimando spaziale<\/strong> (dove abito, dove abitano i miei figli, chi vive in casa con me, quanti figli ho\u2026). Ogni volta che il malato presenta un dubbio di questo tipo, la lavagna appesa in un luogo da lui considerato \u201cil preferito\u201d pu\u00f2 aiutarlo ad avere immediatamente le risposte che gli servono, <strong>senza entrare in ansia<\/strong> o chiamare il caregiver.<\/li>\n<li><strong>Dare risposte<\/strong> a domande che quotidianamente vengono poste al caregiver pi\u00f9 volte al giorno a causa dei deficit di memoria a breve termine. Ad esempio: il bambino che viene a trovarci nel pomeriggio \u00e8 Stefano, mio nipote, la donna che vive con me \u00e8 mia moglie Anna, quando \u00e8 buio \u00e8 ora di andare a riposare, i miei genitori non vivono con me, al mattino devo prendere le pastiglie&#8230;tutte frasi che richiamano <a href=\"https:\/\/www.borgione.it\/blog\/pedagogia-terapia-occupazionale-anziani-come-stimolare-laspetto-sociale\/\" target=\"_blank\" rel=\"noopener\">attivit\u00e0 della vita quotidiana<\/a> che per\u00f2 mettono in grande difficolt\u00e0 il caregiver e il malato, soprattutto nelle fasi iniziali.<\/li>\n<li><strong>Esercitare<\/strong> il paziente a <strong>registrare<\/strong> lui stesso le risposte &#8211; addestrando anche il caregiver &#8211; o a scrivere le domande, mantenendo cos\u00ec il pi\u00f9 a lungo possibile la <strong>capacit\u00e0<\/strong> di scrittura, lettura e produzione spontanea di vocaboli legati alla vita quotidiana e responsabilizzando la persona malata che spesso si trova deprivata di tanti compiti e responsabilit\u00e0 una volta completamente sue.<\/li>\n<\/ul>\n<p><img decoding=\"async\" class=\"alignnone wp-image-7539 size-medium\" src=\"https:\/\/borgione.kleecks-cdn.com\/blog\/wp-content\/uploads\/2023\/04\/immagine-300x300.png\" alt=\"terapia occupazionale Alzheimer\" width=\"300\" height=\"300\" srcset=\"https:\/\/www.borgione.it\/blog\/wp-content\/uploads\/2023\/04\/immagine-300x300.png%20300w,%20https:\/blog.borgione.it\/wp-content\/uploads\/2023\/04\/immagine-150x150.png%20150w,%20https:\/blog.borgione.it\/wp-content\/uploads\/2023\/04\/immagine-400x400.png%20400w,%20https:\/blog.borgione.it\/wp-content\/uploads\/2023\/04\/immagine-125x125.png%20125w,%20https:\/blog.borgione.it\/wp-content\/uploads\/2023\/04\/immagine.png%20480w\" sizes=\"(max-width: 300px) 100vw, 300px\" \/><\/p>\n<p>L\u2019articolo deve essere posto in un luogo utilizzato dal malato, in un posto ben illuminato, impostato sulla modalit\u00e0 \u201cPLAY\u201d con il pennarello sempre a disposizione.<\/p>\n<p>Ecco un esempio di terapia occupazionale Alzheimer con un paziente geriatrico affetto da deterioramento cognitivo e di addestramento del caregiver per cercare di vivere al meglio la quotidianit\u00e0.<\/p>\n<p>Considerando che i terapisti occupazionali hanno un <strong>approccio centrato sulla persona<\/strong>, l\u2019attivit\u00e0 viene proposta nel momento in cui il malato espone la volont\u00e0 di voler lavorare sul problema e quindi evidenzia la sua difficolt\u00e0. A questo punto si <strong>definisce un percorso terapeutico<\/strong> allineato alle esigenze della persona: \u00e8 compito dei professionisti studiare e proporre gli strumenti e gli ausili pi\u00f9 adatti, per rispondere in maniera efficiente alle difficolt\u00e0 emerse, con l&#8217;obiettivo di<strong> raggiungere il benessere e lavorare sulle autonomie<\/strong>.<\/p>\n<hr \/>\n<p>Borgione mette a disposizione un ampio catalogo di giochi, strumenti e ausili per professionisti. Se vuoi saperne di pi\u00f9 <a href=\"https:\/\/www.borgione.it\/\" target=\"_blank\" rel=\"noopener\">visita il sito<\/a>.<\/p>\n","protected":false},"excerpt":{"rendered":"<p>Parlare di terapia occupazionale in Italia \u00e8 piuttosto complesso. E\u2019 difficile trovare una famiglia che conosce e ha richiesto espressamente un terapista occupazionale, a mio avviso perch\u00e9 c\u2019\u00e8 ancora difficolt\u00e0 nell\u2019identificazione del ruolo. Nell&#8217;articolo vediamo la definizione di questa tipologia di terapia e come adattarla ad un paziente affetto da Alzheimer. Continua a leggere per [&hellip;]<\/p>\n","protected":false},"author":33,"featured_media":7548,"comment_status":"open","ping_status":"open","sticky":false,"template":"","format":"standard","meta":{"_genesis_hide_title":false,"_genesis_hide_breadcrumbs":false,"_genesis_hide_singular_image":false,"_genesis_hide_footer_widgets":false,"_genesis_custom_body_class":"","_genesis_custom_post_class":"","_genesis_layout":"","footnotes":""},"categories":[7,1],"tags":[484,483,486,478],"class_list":{"0":"post-7543","1":"post","2":"type-post","3":"status-publish","4":"format-standard","5":"has-post-thumbnail","7":"category-pedagogia","8":"category-notizie","9":"tag-alzheimer","10":"tag-anziani","11":"tag-caregiver","12":"tag-terapia-occupazionale","13":"entry"},"yoast_head":"<!-- This site is optimized with the Yoast SEO plugin v27.4 - https:\/\/yoast.com\/product\/yoast-seo-wordpress\/ -->\n<title>Terapia occupazionale e Alzheimer: le aspettative del percorso<\/title>\n<meta name=\"description\" content=\"Scopri di ppi\u00f9 sul legame tra terapia occupazionale alzheimer e il suo ruolo nel trattamento di pazienti affetti da deficit cognitivo.\" \/>\n<meta name=\"robots\" content=\"index, follow, max-snippet:-1, max-image-preview:large, max-video-preview:-1\" \/>\n<link rel=\"canonical\" href=\"https:\/\/www.borgione.it\/blog\/pedagogia-terapia-occupazionale-e-alzheimer-aspettative-percorso\/\" \/>\n<meta property=\"og:locale\" content=\"it_IT\" \/>\n<meta property=\"og:type\" content=\"article\" \/>\n<meta property=\"og:title\" content=\"Terapia occupazionale e Alzheimer: le aspettative del percorso\" \/>\n<meta property=\"og:description\" content=\"Scopri di ppi\u00f9 sul legame tra terapia occupazionale alzheimer e il suo ruolo nel trattamento di pazienti affetti da deficit cognitivo.\" \/>\n<meta property=\"og:url\" content=\"https:\/\/www.borgione.it\/blog\/pedagogia-terapia-occupazionale-e-alzheimer-aspettative-percorso\/\" \/>\n<meta property=\"og:site_name\" content=\"Blog - Borgione Centro Didattico\" \/>\n<meta property=\"article:published_time\" content=\"2023-04-27T10:30:34+00:00\" \/>\n<meta property=\"article:modified_time\" content=\"2025-08-29T07:14:34+00:00\" \/>\n<meta property=\"og:image\" content=\"https:\/\/borgione.kleecks-cdn.com\/blog\/wp-content\/uploads\/2023\/04\/terapia-occupazionale-e-alzheimer-le-aspettative-del-percorso.jpg\" \/>\n\t<meta property=\"og:image:width\" content=\"960\" \/>\n\t<meta property=\"og:image:height\" content=\"600\" \/>\n\t<meta property=\"og:image:type\" content=\"image\/jpeg\" \/>\n<meta name=\"author\" content=\"Dott.Ssa Cristina Sbaglia - Terapista occupazionale\" \/>\n<meta name=\"twitter:card\" content=\"summary_large_image\" \/>\n<meta name=\"twitter:label1\" content=\"Written by\" \/>\n\t<meta name=\"twitter:data1\" content=\"Dott.Ssa Cristina Sbaglia - Terapista occupazionale\" \/>\n\t<meta name=\"twitter:label2\" content=\"Est. reading time\" \/>\n\t<meta name=\"twitter:data2\" content=\"4 minuti\" \/>\n<script type=\"application\/ld+json\" class=\"yoast-schema-graph\">{\"@context\":\"https:\\\/\\\/schema.org\",\"@graph\":[{\"@type\":\"Article\",\"@id\":\"https:\\\/\\\/www.borgione.it\\\/blog\\\/pedagogia-terapia-occupazionale-e-alzheimer-aspettative-percorso#article\",\"isPartOf\":{\"@id\":\"https:\\\/\\\/www.borgione.it\\\/blog\\\/pedagogia-terapia-occupazionale-e-alzheimer-aspettative-percorso\\\/\"},\"author\":{\"name\":\"Dott.Ssa Cristina Sbaglia - Terapista occupazionale\",\"@id\":\"https:\\\/\\\/www.borgione.it\\\/blog\\\/#\\\/schema\\\/person\\\/488cf0ae9f2242d3a3f7828c596b27a7\"},\"headline\":\"Terapia occupazionale e Alzheimer: le aspettative del percorso\",\"datePublished\":\"2023-04-27T10:30:34+00:00\",\"dateModified\":\"2025-08-29T07:14:34+00:00\",\"mainEntityOfPage\":{\"@id\":\"https:\\\/\\\/www.borgione.it\\\/blog\\\/pedagogia-terapia-occupazionale-e-alzheimer-aspettative-percorso\\\/\"},\"wordCount\":704,\"commentCount\":0,\"image\":{\"@id\":\"https:\\\/\\\/www.borgione.it\\\/blog\\\/pedagogia-terapia-occupazionale-e-alzheimer-aspettative-percorso#primaryimage\"},\"thumbnailUrl\":\"https:\\\/\\\/borgione.kleecks-cdn.com\\\/blog\\\/wp-content\\\/uploads\\\/2023\\\/04\\\/terapia-occupazionale-e-alzheimer-le-aspettative-del-percorso.jpg\",\"keywords\":[\"alzheimer\",\"anziani\",\"caregiver\",\"terapia occupazionale\"],\"articleSection\":[\"Angolo del Terapista\",\"Notizie\"],\"inLanguage\":\"it-IT\",\"potentialAction\":[{\"@type\":\"CommentAction\",\"name\":\"Comment\",\"target\":[\"https:\\\/\\\/www.borgione.it\\\/blog\\\/pedagogia-terapia-occupazionale-e-alzheimer-aspettative-percorso#respond\"]}]},{\"@type\":\"WebPage\",\"@id\":\"https:\\\/\\\/www.borgione.it\\\/blog\\\/pedagogia-terapia-occupazionale-e-alzheimer-aspettative-percorso\\\/\",\"url\":\"https:\\\/\\\/www.borgione.it\\\/blog\\\/pedagogia-terapia-occupazionale-e-alzheimer-aspettative-percorso\\\/\",\"name\":\"Terapia occupazionale e Alzheimer: le aspettative del percorso\",\"isPartOf\":{\"@id\":\"https:\\\/\\\/www.borgione.it\\\/blog\\\/#website\"},\"primaryImageOfPage\":{\"@id\":\"https:\\\/\\\/www.borgione.it\\\/blog\\\/pedagogia-terapia-occupazionale-e-alzheimer-aspettative-percorso#primaryimage\"},\"image\":{\"@id\":\"https:\\\/\\\/www.borgione.it\\\/blog\\\/pedagogia-terapia-occupazionale-e-alzheimer-aspettative-percorso#primaryimage\"},\"thumbnailUrl\":\"https:\\\/\\\/borgione.kleecks-cdn.com\\\/blog\\\/wp-content\\\/uploads\\\/2023\\\/04\\\/terapia-occupazionale-e-alzheimer-le-aspettative-del-percorso.jpg\",\"datePublished\":\"2023-04-27T10:30:34+00:00\",\"dateModified\":\"2025-08-29T07:14:34+00:00\",\"author\":{\"@id\":\"https:\\\/\\\/www.borgione.it\\\/blog\\\/#\\\/schema\\\/person\\\/488cf0ae9f2242d3a3f7828c596b27a7\"},\"description\":\"Scopri di ppi\u00f9 sul legame tra terapia occupazionale alzheimer e il suo ruolo nel trattamento di pazienti affetti da deficit cognitivo.\",\"breadcrumb\":{\"@id\":\"https:\\\/\\\/www.borgione.it\\\/blog\\\/pedagogia-terapia-occupazionale-e-alzheimer-aspettative-percorso#breadcrumb\"},\"inLanguage\":\"it-IT\",\"potentialAction\":[{\"@type\":\"ReadAction\",\"target\":[\"https:\\\/\\\/www.borgione.it\\\/blog\\\/pedagogia-terapia-occupazionale-e-alzheimer-aspettative-percorso\\\/\"]}]},{\"@type\":\"ImageObject\",\"inLanguage\":\"it-IT\",\"@id\":\"https:\\\/\\\/www.borgione.it\\\/blog\\\/pedagogia-terapia-occupazionale-e-alzheimer-aspettative-percorso#primaryimage\",\"url\":\"https:\\\/\\\/borgione.kleecks-cdn.com\\\/blog\\\/wp-content\\\/uploads\\\/2023\\\/04\\\/terapia-occupazionale-e-alzheimer-le-aspettative-del-percorso.jpg\",\"contentUrl\":\"https:\\\/\\\/borgione.kleecks-cdn.com\\\/blog\\\/wp-content\\\/uploads\\\/2023\\\/04\\\/terapia-occupazionale-e-alzheimer-le-aspettative-del-percorso.jpg\",\"width\":960,\"height\":600,\"caption\":\"terapia occupazionale Alzheimer\"},{\"@type\":\"BreadcrumbList\",\"@id\":\"https:\\\/\\\/www.borgione.it\\\/blog\\\/pedagogia-terapia-occupazionale-e-alzheimer-aspettative-percorso#breadcrumb\",\"itemListElement\":[{\"@type\":\"ListItem\",\"position\":1,\"name\":\"Home\",\"item\":\"https:\\\/\\\/www.borgione.it\\\/blog\\\/\"},{\"@type\":\"ListItem\",\"position\":2,\"name\":\"Terapia occupazionale e Alzheimer: le aspettative del percorso\"}]},{\"@type\":\"WebSite\",\"@id\":\"https:\\\/\\\/www.borgione.it\\\/blog\\\/#website\",\"url\":\"https:\\\/\\\/www.borgione.it\\\/blog\\\/\",\"name\":\"Blog - Borgione Centro Didattico\",\"description\":\"\",\"potentialAction\":[{\"@type\":\"SearchAction\",\"target\":{\"@type\":\"EntryPoint\",\"urlTemplate\":\"https:\\\/\\\/www.borgione.it\\\/blog\\\/?s=%7Bsearch_term_string%7D\"},\"query-input\":{\"@type\":\"PropertyValueSpecification\",\"valueRequired\":true,\"valueName\":\"search_term_string\"}}],\"inLanguage\":\"it-IT\"},{\"@type\":\"Person\",\"@id\":\"https:\\\/\\\/www.borgione.it\\\/blog\\\/#\\\/schema\\\/person\\\/488cf0ae9f2242d3a3f7828c596b27a7\",\"name\":\"Dott.Ssa Cristina Sbaglia - Terapista occupazionale\",\"description\":\"Specializzata in Scienze Cognitive e processi decisionali in ambito sanitario. Conduco Gruppi ABC per caregiver all\u2019interno di un Alzheimer Caf\u00e8; lavoro prettamente al domicilio e, al fine di migliorare il mio lavoro, ho completato il corso \u201cCOTiD\u201d e il corso di \u201cbambola empatica\u201d\",\"url\":\"https:\\\/\\\/www.borgione.it\\\/blog\\\/author\\\/cristina-sbaglia-terapista-occupazionale\\\/\"}]}<\/script>\n<!-- \/ Yoast SEO plugin. -->","yoast_head_json":{"title":"Terapia occupazionale e Alzheimer: le aspettative del percorso","description":"Scopri di ppi\u00f9 sul legame tra terapia occupazionale alzheimer e il suo ruolo nel trattamento di pazienti affetti da deficit cognitivo.","robots":{"index":"index","follow":"follow","max-snippet":"max-snippet:-1","max-image-preview":"max-image-preview:large","max-video-preview":"max-video-preview:-1"},"canonical":"https:\/\/www.borgione.it\/blog\/pedagogia-terapia-occupazionale-e-alzheimer-aspettative-percorso\/","og_locale":"it_IT","og_type":"article","og_title":"Terapia occupazionale e Alzheimer: le aspettative del percorso","og_description":"Scopri di ppi\u00f9 sul legame tra terapia occupazionale alzheimer e il suo ruolo nel trattamento di pazienti affetti da deficit cognitivo.","og_url":"https:\/\/www.borgione.it\/blog\/pedagogia-terapia-occupazionale-e-alzheimer-aspettative-percorso\/","og_site_name":"Blog - Borgione Centro Didattico","article_published_time":"2023-04-27T10:30:34+00:00","article_modified_time":"2025-08-29T07:14:34+00:00","og_image":[{"width":960,"height":600,"url":"https:\/\/borgione.kleecks-cdn.com\/blog\/wp-content\/uploads\/2023\/04\/terapia-occupazionale-e-alzheimer-le-aspettative-del-percorso.jpg","type":"image\/jpeg"}],"author":"Dott.Ssa Cristina Sbaglia - Terapista occupazionale","twitter_card":"summary_large_image","twitter_misc":{"Written by":"Dott.Ssa Cristina Sbaglia - Terapista occupazionale","Est. reading time":"4 minuti"},"schema":{"@context":"https:\/\/schema.org","@graph":[{"@type":"Article","@id":"https:\/\/www.borgione.it\/blog\/pedagogia-terapia-occupazionale-e-alzheimer-aspettative-percorso#article","isPartOf":{"@id":"https:\/\/www.borgione.it\/blog\/pedagogia-terapia-occupazionale-e-alzheimer-aspettative-percorso\/"},"author":{"name":"Dott.Ssa Cristina Sbaglia - Terapista occupazionale","@id":"https:\/\/www.borgione.it\/blog\/#\/schema\/person\/488cf0ae9f2242d3a3f7828c596b27a7"},"headline":"Terapia occupazionale e Alzheimer: le aspettative del percorso","datePublished":"2023-04-27T10:30:34+00:00","dateModified":"2025-08-29T07:14:34+00:00","mainEntityOfPage":{"@id":"https:\/\/www.borgione.it\/blog\/pedagogia-terapia-occupazionale-e-alzheimer-aspettative-percorso\/"},"wordCount":704,"commentCount":0,"image":{"@id":"https:\/\/www.borgione.it\/blog\/pedagogia-terapia-occupazionale-e-alzheimer-aspettative-percorso#primaryimage"},"thumbnailUrl":"https:\/\/borgione.kleecks-cdn.com\/blog\/wp-content\/uploads\/2023\/04\/terapia-occupazionale-e-alzheimer-le-aspettative-del-percorso.jpg","keywords":["alzheimer","anziani","caregiver","terapia occupazionale"],"articleSection":["Angolo del Terapista","Notizie"],"inLanguage":"it-IT","potentialAction":[{"@type":"CommentAction","name":"Comment","target":["https:\/\/www.borgione.it\/blog\/pedagogia-terapia-occupazionale-e-alzheimer-aspettative-percorso#respond"]}]},{"@type":"WebPage","@id":"https:\/\/www.borgione.it\/blog\/pedagogia-terapia-occupazionale-e-alzheimer-aspettative-percorso\/","url":"https:\/\/www.borgione.it\/blog\/pedagogia-terapia-occupazionale-e-alzheimer-aspettative-percorso\/","name":"Terapia occupazionale e Alzheimer: le aspettative del percorso","isPartOf":{"@id":"https:\/\/www.borgione.it\/blog\/#website"},"primaryImageOfPage":{"@id":"https:\/\/www.borgione.it\/blog\/pedagogia-terapia-occupazionale-e-alzheimer-aspettative-percorso#primaryimage"},"image":{"@id":"https:\/\/www.borgione.it\/blog\/pedagogia-terapia-occupazionale-e-alzheimer-aspettative-percorso#primaryimage"},"thumbnailUrl":"https:\/\/borgione.kleecks-cdn.com\/blog\/wp-content\/uploads\/2023\/04\/terapia-occupazionale-e-alzheimer-le-aspettative-del-percorso.jpg","datePublished":"2023-04-27T10:30:34+00:00","dateModified":"2025-08-29T07:14:34+00:00","author":{"@id":"https:\/\/www.borgione.it\/blog\/#\/schema\/person\/488cf0ae9f2242d3a3f7828c596b27a7"},"description":"Scopri di ppi\u00f9 sul legame tra terapia occupazionale alzheimer e il suo ruolo nel trattamento di pazienti affetti da deficit cognitivo.","breadcrumb":{"@id":"https:\/\/www.borgione.it\/blog\/pedagogia-terapia-occupazionale-e-alzheimer-aspettative-percorso#breadcrumb"},"inLanguage":"it-IT","potentialAction":[{"@type":"ReadAction","target":["https:\/\/www.borgione.it\/blog\/pedagogia-terapia-occupazionale-e-alzheimer-aspettative-percorso\/"]}]},{"@type":"ImageObject","inLanguage":"it-IT","@id":"https:\/\/www.borgione.it\/blog\/pedagogia-terapia-occupazionale-e-alzheimer-aspettative-percorso#primaryimage","url":"https:\/\/borgione.kleecks-cdn.com\/blog\/wp-content\/uploads\/2023\/04\/terapia-occupazionale-e-alzheimer-le-aspettative-del-percorso.jpg","contentUrl":"https:\/\/borgione.kleecks-cdn.com\/blog\/wp-content\/uploads\/2023\/04\/terapia-occupazionale-e-alzheimer-le-aspettative-del-percorso.jpg","width":960,"height":600,"caption":"terapia occupazionale Alzheimer"},{"@type":"BreadcrumbList","@id":"https:\/\/www.borgione.it\/blog\/pedagogia-terapia-occupazionale-e-alzheimer-aspettative-percorso#breadcrumb","itemListElement":[{"@type":"ListItem","position":1,"name":"Home","item":"https:\/\/www.borgione.it\/blog\/"},{"@type":"ListItem","position":2,"name":"Terapia occupazionale e Alzheimer: le aspettative del percorso"}]},{"@type":"WebSite","@id":"https:\/\/www.borgione.it\/blog\/#website","url":"https:\/\/www.borgione.it\/blog\/","name":"Blog - Borgione Centro Didattico","description":"","potentialAction":[{"@type":"SearchAction","target":{"@type":"EntryPoint","urlTemplate":"https:\/\/www.borgione.it\/blog\/?s=%7Bsearch_term_string%7D"},"query-input":{"@type":"PropertyValueSpecification","valueRequired":true,"valueName":"search_term_string"}}],"inLanguage":"it-IT"},{"@type":"Person","@id":"https:\/\/www.borgione.it\/blog\/#\/schema\/person\/488cf0ae9f2242d3a3f7828c596b27a7","name":"Dott.Ssa Cristina Sbaglia - Terapista occupazionale","description":"Specializzata in Scienze Cognitive e processi decisionali in ambito sanitario. Conduco Gruppi ABC per caregiver all\u2019interno di un Alzheimer Caf\u00e8; lavoro prettamente al domicilio e, al fine di migliorare il mio lavoro, ho completato il corso \u201cCOTiD\u201d e il corso di \u201cbambola empatica\u201d","url":"https:\/\/www.borgione.it\/blog\/author\/cristina-sbaglia-terapista-occupazionale\/"}]}},"_links":{"self":[{"href":"https:\/\/www.borgione.it\/blog\/wp-json\/wp\/v2\/posts\/7543","targetHints":{"allow":["GET"]}}],"collection":[{"href":"https:\/\/www.borgione.it\/blog\/wp-json\/wp\/v2\/posts"}],"about":[{"href":"https:\/\/www.borgione.it\/blog\/wp-json\/wp\/v2\/types\/post"}],"author":[{"embeddable":true,"href":"https:\/\/www.borgione.it\/blog\/wp-json\/wp\/v2\/users\/33"}],"replies":[{"embeddable":true,"href":"https:\/\/www.borgione.it\/blog\/wp-json\/wp\/v2\/comments?post=7543"}],"version-history":[{"count":13,"href":"https:\/\/www.borgione.it\/blog\/wp-json\/wp\/v2\/posts\/7543\/revisions"}],"predecessor-version":[{"id":9424,"href":"https:\/\/www.borgione.it\/blog\/wp-json\/wp\/v2\/posts\/7543\/revisions\/9424"}],"wp:featuredmedia":[{"embeddable":true,"href":"https:\/\/www.borgione.it\/blog\/wp-json\/wp\/v2\/media\/7548"}],"wp:attachment":[{"href":"https:\/\/www.borgione.it\/blog\/wp-json\/wp\/v2\/media?parent=7543"}],"wp:term":[{"taxonomy":"category","embeddable":true,"href":"https:\/\/www.borgione.it\/blog\/wp-json\/wp\/v2\/categories?post=7543"},{"taxonomy":"post_tag","embeddable":true,"href":"https:\/\/www.borgione.it\/blog\/wp-json\/wp\/v2\/tags?post=7543"}],"curies":[{"name":"wp","href":"https:\/\/api.w.org\/{rel}","templated":true}]}}