{"id":6960,"date":"2022-12-02T14:06:56","date_gmt":"2022-12-02T13:06:56","guid":{"rendered":"https:\/\/www.borgione.it\/blog\/?p=6960"},"modified":"2022-12-02T14:13:17","modified_gmt":"2022-12-02T13:13:17","slug":"perche-si-fa-lalbero-di-natale-origini-tradizioni-e-addobbi","status":"publish","type":"post","link":"https:\/\/www.borgione.it\/blog\/perche-si-fa-lalbero-di-natale-origini-tradizioni-e-addobbi\/","title":{"rendered":"Perch\u00e9 si fa l\u2019albero di Natale? Origini, tradizioni e addobbi"},"content":{"rendered":"<p>Come \u00e8 nata la tradizione di addobbare un abete per celebrare il Natale? Scopriamo la tradizione e idee originali.<\/p>\n<p>L\u2019albero di Natale viene solitamente preparato l\u20198 dicembre, in occasione della festa dell\u2019Immacolata Concezione. Tra le tradizioni natalizie pi\u00f9 diffuse in tutto il mondo, l\u2019albero di Natale viene addobbato con palline, luci, festoni, dolciumi e ghirlande. A proposito di luci, \u00e8 stato Edward H. Johnson, socio del famoso inventore Thomas Edison, a utilizzare per la prima volta nel 1885 delle luci elettriche per addobbare l\u2019albero della propria abitazione.<\/p>\n<h2><strong>Qual \u00e8 la storia dell&#8217;albero di Natale?<\/strong><\/h2>\n<p>L\u2019origine dell\u2019albero di Natale presente in moltissime case nel periodo natalizio affonda le sue radici nella cultura celtica. L\u2019abete \u00e8 una\u00a0pianta sempreverde e per i druidi, gli antichi sacerdoti dei celti, era considerato simbolo di vita e lo onoravano in varie cerimonie. Con l\u2019avvicinarsi dell\u2019inverno, gli abeti venivano tagliati e addobbati con nastri, fiaccole, piccole campane e animaletti votivi, per propiziarsi il favore degli spiriti.<\/p>\n<p>Anche i\u00a0romani,\u00a0 il primo giorno di gennaio usavano\u00a0regalarsi un rametto di una pianta sempreverde come augurio di buona fortuna. I vichinghi, invece, seguivano il culto dell\u2019abete rosso, albero in grado di esprimere poteri magici. Gli alberi venivano tagliati, portati a casa e decorati con frutti, per simboleggiare la fertilit\u00e0 della terra in attesa della primavera.<\/p>\n<h2><strong>Alberto di Natale: il significato cristiano<\/strong><\/h2>\n<p>L\u2019abete \u00e8 stato ripreso dai\u00a0cristiani come simbolo di Cristo, infatti, nella notte in cui si celebra la nascita di Ges\u00f9, l\u2019albero posto al centro del giardino dell\u2019Eden diventa anche l\u2019albero intorno al quale l\u2019umanit\u00e0 ritrova il perdono. Inoltre, l\u2019abete fu scelto fra tutti gli alberi sempreverdi per la sua\u00a0forma triangolare, che rappresenterebbe la\u00a0Santa Trinit\u00e0.<\/p>\n<h2><strong>Il primo albero di Natale?<\/strong><\/h2>\n<p>Ci sono diverse storie sul \u201cprimo albero di Natale\u201d, ad esempio, a Tallinn, in Estonia nel 1441, fu eretto un grande abete nella piazza del municipio attorno al quale uomini e donne non sposati ballavano alla ricerca di un\u2019anima gemella. Si racconta anche di un albero decorato a Brema nel 1570 con mele, noci, datteri e fiori di carta. Fra le citt\u00e0 che si dichiarano sedi del primo albero di Natale, c\u2019\u00e8 anche Riga in Lettonia, dove si trova anche una targa scritta in otto lingue per commemorare l\u2019evento del 1510.<\/p>\n<p>Ma l\u2019albero di Natale, cos\u00ec come lo conosciamo noi, fu introdotto\u00a0in Germania\u00a0nel 1611 dalla\u00a0Duchessa di Brieg: un angolo\u00a0di una delle sale del suo castello gi\u00e0 adornato per il Natale era rimasto\u00a0completamente vuoto, allora ordin\u00f2 che un abete del giardino venisse trapiantato\u00a0in un vaso e portato in quella sala.<\/p>\n<h2><strong>Tipi di alberi di Natale<\/strong><\/h2>\n<p>Le feste natalizie si stanno avvicinando, e con esse la necessit\u00e0 di\u00a0scegliere un albero di Natale. Vediamo quali sono i tipi di alberi pi\u00f9 usati e pi\u00f9 adatti ad essere scelti come albero di Natale: meglio vero, riciclato\u00a0o finto?<\/p>\n<p>Albero di Natale artificiale<br \/>\nPu\u00f2 sembrare la scelta pi\u00f9 ecologica, ma non \u00e8 detto che sia cos\u00ec, visto il numero enorme di alberi prodotti. Per\u00f2 \u00e8 innegabile che siano pratici e c\u2019\u00e8 una enorme variet\u00e0 per tutti i gusti. Quindi va bene, a patto di verificare che siano prodotti con plastica riciclata.<\/p>\n<h2><strong>Albero di Natale vero<\/strong><\/h2>\n<p><strong>Scegliere un albero<\/strong>\u00a0di Natale vero \u00a0\u00e8 certamente la scelta migliore: bellezza, odore caratteristico e soprattutto materiale al cento per cento biologico, non inquinante.<br \/>\nIl rovescio della medaglia \u00e8 dato dal fatto che richiede molte cure e presuppone il prendersi la responsabilit\u00e0 di cosa farne una volta passate le feste natalizie. Una soluzione potrebbe essere l<strong>\u2019adozione di un albero naturale<\/strong>, sono previsti dei centri di raccolta per gli alberi che non potranno essere ripiantati dalle persone che li hanno usati, facilitandone lo smaltimento, sia da parte del Corpo Forestale per rimboscare determinate aree, sia riciclando gli alberi pi\u00f9 compromessi per creare un composto organico fertilizzante.<\/p>\n<h2><strong>Addobbi natalizi fai da te<\/strong><\/h2>\n<p><strong>Su Borgione.it <\/strong>trovi tanti prodotti per creare delle originali <a href=\"https:\/\/www.borgione.it\/creativita\/prodotti-per-addobbi-natalizi\">decorazioni natalizie<\/a> fai da te: oggetti e decorazioni per la casa, lavoretti di natale da fare con i bambini, addobbi natalizi fatti a mano e tanto altro. Alcuni esempi:<\/p>\n<ul>\n<li><strong><a href=\"https:\/\/www.borgione.it\/decorazioni-di-natale-in-legno-54-pezzi\">Decorazioni giganti di Natale in legno<\/a><\/strong><br \/>\nSagome in robusto legno da colorare, complete di occhielli e cordino per appenderle. Nell&#8217;occhiello inferiore possono essere appese le bacchette melodiche oppure un biglietto di auguri.<\/li>\n<li><strong><a href=\"https:\/\/www.borgione.it\/creativita\/oggetti-da-decorare\/oggetti-in-eva-crepla\/fiocchi-di-neve-glitter-eva-240-pezzi\">Fiocchi di neve glitter EVA<\/a><\/strong><br \/>\nFiocchi di neve dall&#8217;incredibile effetto brillante grazie ai glitter di cui sono cosparsi. In morbida spumella (gomma crepla). I colori richiamano le atmosfere glaciali dell&#8217;invern<\/li>\n<li><strong><a href=\"https:\/\/www.borgione.it\/creativita\/decori\/brillantina-e-glitter\/cartucce-colorate-glitter-per-pistola-a-bassa-temperatura\">Cartucce colorate glitter per pistola a bassa temperatura<\/a><\/strong><br \/>\nCartucce colorate glitter di colla per pistola a bassa temperatura di ricambio per le pistole incollatrici<\/li>\n<li><strong><a href=\"https:\/\/www.borgione.it\/creativita\/oggetti-da-decorare\/oggetti-in-carta-e-cartone\/palline-in-cellulosa-cm-4\">Palline in cellulosa<\/a><\/strong><br \/>\nLe palline in cellulosa sono piccole sfere di cellulosa bianca da decorare e dipingere. Possono essere utilizzate per creare simpatici e originali oggetti o personaggi, che animeranno i giochi dei bambini<\/li>\n<\/ul>\n","protected":false},"excerpt":{"rendered":"<p>Come \u00e8 nata la tradizione di addobbare un abete per celebrare il Natale? Scopriamo la tradizione e idee originali. L\u2019albero di Natale viene solitamente preparato l\u20198 dicembre, in occasione della festa dell\u2019Immacolata Concezione. Tra le tradizioni natalizie pi\u00f9 diffuse in tutto il mondo, l\u2019albero di Natale viene addobbato con palline, luci, festoni, dolciumi e ghirlande. [&hellip;]<\/p>\n","protected":false},"author":8,"featured_media":6961,"comment_status":"open","ping_status":"open","sticky":false,"template":"","format":"standard","meta":{"_genesis_hide_title":false,"_genesis_hide_breadcrumbs":false,"_genesis_hide_singular_image":false,"_genesis_hide_footer_widgets":false,"_genesis_custom_body_class":"","_genesis_custom_post_class":"","_genesis_layout":"","footnotes":""},"categories":[8,1],"tags":[],"class_list":{"0":"post-6960","1":"post","2":"type-post","3":"status-publish","4":"format-standard","5":"has-post-thumbnail","7":"category-creativita","8":"category-notizie","9":"entry"},"yoast_head":"<!-- This site is optimized with the Yoast SEO plugin v27.4 - https:\/\/yoast.com\/product\/yoast-seo-wordpress\/ -->\n<title>Perch\u00e9 si fa l\u2019albero di Natale? Origini, tradizioni e addobbi - Blog - Borgione Centro Didattico<\/title>\n<meta name=\"robots\" content=\"index, follow, max-snippet:-1, max-image-preview:large, max-video-preview:-1\" \/>\n<link rel=\"canonical\" href=\"https:\/\/www.borgione.it\/blog\/perche-si-fa-lalbero-di-natale-origini-tradizioni-e-addobbi\/\" \/>\n<meta property=\"og:locale\" content=\"it_IT\" \/>\n<meta property=\"og:type\" content=\"article\" \/>\n<meta property=\"og:title\" content=\"Perch\u00e9 si fa l\u2019albero di Natale? Origini, tradizioni e addobbi - Blog - Borgione Centro Didattico\" \/>\n<meta property=\"og:description\" content=\"Come \u00e8 nata la tradizione di addobbare un abete per celebrare il Natale? Scopriamo la tradizione e idee originali. L\u2019albero di Natale viene solitamente preparato l\u20198 dicembre, in occasione della festa dell\u2019Immacolata Concezione. Tra le tradizioni natalizie pi\u00f9 diffuse in tutto il mondo, l\u2019albero di Natale viene addobbato con palline, luci, festoni, dolciumi e ghirlande. [&hellip;]\" \/>\n<meta property=\"og:url\" content=\"https:\/\/www.borgione.it\/blog\/perche-si-fa-lalbero-di-natale-origini-tradizioni-e-addobbi\/\" \/>\n<meta property=\"og:site_name\" content=\"Blog - Borgione Centro Didattico\" \/>\n<meta property=\"article:published_time\" content=\"2022-12-02T13:06:56+00:00\" \/>\n<meta property=\"article:modified_time\" content=\"2022-12-02T13:13:17+00:00\" \/>\n<meta property=\"og:image\" content=\"https:\/\/borgione.kleecks-cdn.com\/blog\/wp-content\/uploads\/2022\/12\/albero-di-natale-tradizione-e-addobbi-1.png\" \/>\n\t<meta property=\"og:image:width\" content=\"960\" \/>\n\t<meta property=\"og:image:height\" content=\"600\" \/>\n\t<meta property=\"og:image:type\" content=\"image\/png\" \/>\n<meta name=\"author\" content=\"Michela Calculli\" \/>\n<meta name=\"twitter:card\" content=\"summary_large_image\" \/>\n<meta name=\"twitter:label1\" content=\"Written by\" \/>\n\t<meta name=\"twitter:data1\" content=\"Michela Calculli\" \/>\n\t<meta name=\"twitter:label2\" content=\"Est. reading time\" \/>\n\t<meta name=\"twitter:data2\" content=\"4 minuti\" \/>\n<script type=\"application\/ld+json\" class=\"yoast-schema-graph\">{\"@context\":\"https:\\\/\\\/schema.org\",\"@graph\":[{\"@type\":\"Article\",\"@id\":\"https:\\\/\\\/www.borgione.it\\\/blog\\\/perche-si-fa-lalbero-di-natale-origini-tradizioni-e-addobbi#article\",\"isPartOf\":{\"@id\":\"https:\\\/\\\/www.borgione.it\\\/blog\\\/perche-si-fa-lalbero-di-natale-origini-tradizioni-e-addobbi\\\/\"},\"author\":{\"name\":\"Michela Calculli\",\"@id\":\"https:\\\/\\\/www.borgione.it\\\/blog\\\/#\\\/schema\\\/person\\\/9aeaed96076b386bcc2570e0d0b7dc7c\"},\"headline\":\"Perch\u00e9 si fa l\u2019albero di Natale? Origini, tradizioni e addobbi\",\"datePublished\":\"2022-12-02T13:06:56+00:00\",\"dateModified\":\"2022-12-02T13:13:17+00:00\",\"mainEntityOfPage\":{\"@id\":\"https:\\\/\\\/www.borgione.it\\\/blog\\\/perche-si-fa-lalbero-di-natale-origini-tradizioni-e-addobbi\\\/\"},\"wordCount\":818,\"commentCount\":1,\"image\":{\"@id\":\"https:\\\/\\\/www.borgione.it\\\/blog\\\/perche-si-fa-lalbero-di-natale-origini-tradizioni-e-addobbi#primaryimage\"},\"thumbnailUrl\":\"https:\\\/\\\/borgione.kleecks-cdn.com\\\/blog\\\/wp-content\\\/uploads\\\/2022\\\/12\\\/albero-di-natale-tradizione-e-addobbi-1.png\",\"articleSection\":[\"Creativit\u00e0\",\"Notizie\"],\"inLanguage\":\"it-IT\",\"potentialAction\":[{\"@type\":\"CommentAction\",\"name\":\"Comment\",\"target\":[\"https:\\\/\\\/www.borgione.it\\\/blog\\\/perche-si-fa-lalbero-di-natale-origini-tradizioni-e-addobbi#respond\"]}]},{\"@type\":\"WebPage\",\"@id\":\"https:\\\/\\\/www.borgione.it\\\/blog\\\/perche-si-fa-lalbero-di-natale-origini-tradizioni-e-addobbi\\\/\",\"url\":\"https:\\\/\\\/www.borgione.it\\\/blog\\\/perche-si-fa-lalbero-di-natale-origini-tradizioni-e-addobbi\\\/\",\"name\":\"Perch\u00e9 si fa l\u2019albero di Natale? Origini, tradizioni e addobbi - Blog - Borgione Centro Didattico\",\"isPartOf\":{\"@id\":\"https:\\\/\\\/www.borgione.it\\\/blog\\\/#website\"},\"primaryImageOfPage\":{\"@id\":\"https:\\\/\\\/www.borgione.it\\\/blog\\\/perche-si-fa-lalbero-di-natale-origini-tradizioni-e-addobbi#primaryimage\"},\"image\":{\"@id\":\"https:\\\/\\\/www.borgione.it\\\/blog\\\/perche-si-fa-lalbero-di-natale-origini-tradizioni-e-addobbi#primaryimage\"},\"thumbnailUrl\":\"https:\\\/\\\/borgione.kleecks-cdn.com\\\/blog\\\/wp-content\\\/uploads\\\/2022\\\/12\\\/albero-di-natale-tradizione-e-addobbi-1.png\",\"datePublished\":\"2022-12-02T13:06:56+00:00\",\"dateModified\":\"2022-12-02T13:13:17+00:00\",\"author\":{\"@id\":\"https:\\\/\\\/www.borgione.it\\\/blog\\\/#\\\/schema\\\/person\\\/9aeaed96076b386bcc2570e0d0b7dc7c\"},\"breadcrumb\":{\"@id\":\"https:\\\/\\\/www.borgione.it\\\/blog\\\/perche-si-fa-lalbero-di-natale-origini-tradizioni-e-addobbi#breadcrumb\"},\"inLanguage\":\"it-IT\",\"potentialAction\":[{\"@type\":\"ReadAction\",\"target\":[\"https:\\\/\\\/www.borgione.it\\\/blog\\\/perche-si-fa-lalbero-di-natale-origini-tradizioni-e-addobbi\\\/\"]}]},{\"@type\":\"ImageObject\",\"inLanguage\":\"it-IT\",\"@id\":\"https:\\\/\\\/www.borgione.it\\\/blog\\\/perche-si-fa-lalbero-di-natale-origini-tradizioni-e-addobbi#primaryimage\",\"url\":\"https:\\\/\\\/borgione.kleecks-cdn.com\\\/blog\\\/wp-content\\\/uploads\\\/2022\\\/12\\\/albero-di-natale-tradizione-e-addobbi-1.png\",\"contentUrl\":\"https:\\\/\\\/borgione.kleecks-cdn.com\\\/blog\\\/wp-content\\\/uploads\\\/2022\\\/12\\\/albero-di-natale-tradizione-e-addobbi-1.png\",\"width\":960,\"height\":600},{\"@type\":\"BreadcrumbList\",\"@id\":\"https:\\\/\\\/www.borgione.it\\\/blog\\\/perche-si-fa-lalbero-di-natale-origini-tradizioni-e-addobbi#breadcrumb\",\"itemListElement\":[{\"@type\":\"ListItem\",\"position\":1,\"name\":\"Home\",\"item\":\"https:\\\/\\\/www.borgione.it\\\/blog\\\/\"},{\"@type\":\"ListItem\",\"position\":2,\"name\":\"Perch\u00e9 si fa l\u2019albero di Natale? Origini, tradizioni e addobbi\"}]},{\"@type\":\"WebSite\",\"@id\":\"https:\\\/\\\/www.borgione.it\\\/blog\\\/#website\",\"url\":\"https:\\\/\\\/www.borgione.it\\\/blog\\\/\",\"name\":\"Blog - Borgione Centro Didattico\",\"description\":\"\",\"potentialAction\":[{\"@type\":\"SearchAction\",\"target\":{\"@type\":\"EntryPoint\",\"urlTemplate\":\"https:\\\/\\\/www.borgione.it\\\/blog\\\/?s=%7Bsearch_term_string%7D\"},\"query-input\":{\"@type\":\"PropertyValueSpecification\",\"valueRequired\":true,\"valueName\":\"search_term_string\"}}],\"inLanguage\":\"it-IT\"},{\"@type\":\"Person\",\"@id\":\"https:\\\/\\\/www.borgione.it\\\/blog\\\/#\\\/schema\\\/person\\\/9aeaed96076b386bcc2570e0d0b7dc7c\",\"name\":\"Michela Calculli\",\"description\":\"Una laurea in Economia, tante esperienze di lavoro tra ICT, Fisco e Comunicazione. Da oltre 10 anni si occupa di creazione e pianificazione di contenuti professionali scritti per il web.\",\"url\":\"https:\\\/\\\/www.borgione.it\\\/blog\\\/author\\\/michela-calculli\\\/\"}]}<\/script>\n<!-- \/ Yoast SEO plugin. -->","yoast_head_json":{"title":"Perch\u00e9 si fa l\u2019albero di Natale? Origini, tradizioni e addobbi - Blog - Borgione Centro Didattico","robots":{"index":"index","follow":"follow","max-snippet":"max-snippet:-1","max-image-preview":"max-image-preview:large","max-video-preview":"max-video-preview:-1"},"canonical":"https:\/\/www.borgione.it\/blog\/perche-si-fa-lalbero-di-natale-origini-tradizioni-e-addobbi\/","og_locale":"it_IT","og_type":"article","og_title":"Perch\u00e9 si fa l\u2019albero di Natale? Origini, tradizioni e addobbi - Blog - Borgione Centro Didattico","og_description":"Come \u00e8 nata la tradizione di addobbare un abete per celebrare il Natale? Scopriamo la tradizione e idee originali. L\u2019albero di Natale viene solitamente preparato l\u20198 dicembre, in occasione della festa dell\u2019Immacolata Concezione. Tra le tradizioni natalizie pi\u00f9 diffuse in tutto il mondo, l\u2019albero di Natale viene addobbato con palline, luci, festoni, dolciumi e ghirlande. [&hellip;]","og_url":"https:\/\/www.borgione.it\/blog\/perche-si-fa-lalbero-di-natale-origini-tradizioni-e-addobbi\/","og_site_name":"Blog - Borgione Centro Didattico","article_published_time":"2022-12-02T13:06:56+00:00","article_modified_time":"2022-12-02T13:13:17+00:00","og_image":[{"width":960,"height":600,"url":"https:\/\/borgione.kleecks-cdn.com\/blog\/wp-content\/uploads\/2022\/12\/albero-di-natale-tradizione-e-addobbi-1.png","type":"image\/png"}],"author":"Michela Calculli","twitter_card":"summary_large_image","twitter_misc":{"Written by":"Michela Calculli","Est. reading time":"4 minuti"},"schema":{"@context":"https:\/\/schema.org","@graph":[{"@type":"Article","@id":"https:\/\/www.borgione.it\/blog\/perche-si-fa-lalbero-di-natale-origini-tradizioni-e-addobbi#article","isPartOf":{"@id":"https:\/\/www.borgione.it\/blog\/perche-si-fa-lalbero-di-natale-origini-tradizioni-e-addobbi\/"},"author":{"name":"Michela Calculli","@id":"https:\/\/www.borgione.it\/blog\/#\/schema\/person\/9aeaed96076b386bcc2570e0d0b7dc7c"},"headline":"Perch\u00e9 si fa l\u2019albero di Natale? Origini, tradizioni e addobbi","datePublished":"2022-12-02T13:06:56+00:00","dateModified":"2022-12-02T13:13:17+00:00","mainEntityOfPage":{"@id":"https:\/\/www.borgione.it\/blog\/perche-si-fa-lalbero-di-natale-origini-tradizioni-e-addobbi\/"},"wordCount":818,"commentCount":1,"image":{"@id":"https:\/\/www.borgione.it\/blog\/perche-si-fa-lalbero-di-natale-origini-tradizioni-e-addobbi#primaryimage"},"thumbnailUrl":"https:\/\/borgione.kleecks-cdn.com\/blog\/wp-content\/uploads\/2022\/12\/albero-di-natale-tradizione-e-addobbi-1.png","articleSection":["Creativit\u00e0","Notizie"],"inLanguage":"it-IT","potentialAction":[{"@type":"CommentAction","name":"Comment","target":["https:\/\/www.borgione.it\/blog\/perche-si-fa-lalbero-di-natale-origini-tradizioni-e-addobbi#respond"]}]},{"@type":"WebPage","@id":"https:\/\/www.borgione.it\/blog\/perche-si-fa-lalbero-di-natale-origini-tradizioni-e-addobbi\/","url":"https:\/\/www.borgione.it\/blog\/perche-si-fa-lalbero-di-natale-origini-tradizioni-e-addobbi\/","name":"Perch\u00e9 si fa l\u2019albero di Natale? Origini, tradizioni e addobbi - Blog - Borgione Centro Didattico","isPartOf":{"@id":"https:\/\/www.borgione.it\/blog\/#website"},"primaryImageOfPage":{"@id":"https:\/\/www.borgione.it\/blog\/perche-si-fa-lalbero-di-natale-origini-tradizioni-e-addobbi#primaryimage"},"image":{"@id":"https:\/\/www.borgione.it\/blog\/perche-si-fa-lalbero-di-natale-origini-tradizioni-e-addobbi#primaryimage"},"thumbnailUrl":"https:\/\/borgione.kleecks-cdn.com\/blog\/wp-content\/uploads\/2022\/12\/albero-di-natale-tradizione-e-addobbi-1.png","datePublished":"2022-12-02T13:06:56+00:00","dateModified":"2022-12-02T13:13:17+00:00","author":{"@id":"https:\/\/www.borgione.it\/blog\/#\/schema\/person\/9aeaed96076b386bcc2570e0d0b7dc7c"},"breadcrumb":{"@id":"https:\/\/www.borgione.it\/blog\/perche-si-fa-lalbero-di-natale-origini-tradizioni-e-addobbi#breadcrumb"},"inLanguage":"it-IT","potentialAction":[{"@type":"ReadAction","target":["https:\/\/www.borgione.it\/blog\/perche-si-fa-lalbero-di-natale-origini-tradizioni-e-addobbi\/"]}]},{"@type":"ImageObject","inLanguage":"it-IT","@id":"https:\/\/www.borgione.it\/blog\/perche-si-fa-lalbero-di-natale-origini-tradizioni-e-addobbi#primaryimage","url":"https:\/\/borgione.kleecks-cdn.com\/blog\/wp-content\/uploads\/2022\/12\/albero-di-natale-tradizione-e-addobbi-1.png","contentUrl":"https:\/\/borgione.kleecks-cdn.com\/blog\/wp-content\/uploads\/2022\/12\/albero-di-natale-tradizione-e-addobbi-1.png","width":960,"height":600},{"@type":"BreadcrumbList","@id":"https:\/\/www.borgione.it\/blog\/perche-si-fa-lalbero-di-natale-origini-tradizioni-e-addobbi#breadcrumb","itemListElement":[{"@type":"ListItem","position":1,"name":"Home","item":"https:\/\/www.borgione.it\/blog\/"},{"@type":"ListItem","position":2,"name":"Perch\u00e9 si fa l\u2019albero di Natale? Origini, tradizioni e addobbi"}]},{"@type":"WebSite","@id":"https:\/\/www.borgione.it\/blog\/#website","url":"https:\/\/www.borgione.it\/blog\/","name":"Blog - Borgione Centro Didattico","description":"","potentialAction":[{"@type":"SearchAction","target":{"@type":"EntryPoint","urlTemplate":"https:\/\/www.borgione.it\/blog\/?s=%7Bsearch_term_string%7D"},"query-input":{"@type":"PropertyValueSpecification","valueRequired":true,"valueName":"search_term_string"}}],"inLanguage":"it-IT"},{"@type":"Person","@id":"https:\/\/www.borgione.it\/blog\/#\/schema\/person\/9aeaed96076b386bcc2570e0d0b7dc7c","name":"Michela Calculli","description":"Una laurea in Economia, tante esperienze di lavoro tra ICT, Fisco e Comunicazione. Da oltre 10 anni si occupa di creazione e pianificazione di contenuti professionali scritti per il web.","url":"https:\/\/www.borgione.it\/blog\/author\/michela-calculli\/"}]}},"_links":{"self":[{"href":"https:\/\/www.borgione.it\/blog\/wp-json\/wp\/v2\/posts\/6960","targetHints":{"allow":["GET"]}}],"collection":[{"href":"https:\/\/www.borgione.it\/blog\/wp-json\/wp\/v2\/posts"}],"about":[{"href":"https:\/\/www.borgione.it\/blog\/wp-json\/wp\/v2\/types\/post"}],"author":[{"embeddable":true,"href":"https:\/\/www.borgione.it\/blog\/wp-json\/wp\/v2\/users\/8"}],"replies":[{"embeddable":true,"href":"https:\/\/www.borgione.it\/blog\/wp-json\/wp\/v2\/comments?post=6960"}],"version-history":[{"count":3,"href":"https:\/\/www.borgione.it\/blog\/wp-json\/wp\/v2\/posts\/6960\/revisions"}],"predecessor-version":[{"id":6964,"href":"https:\/\/www.borgione.it\/blog\/wp-json\/wp\/v2\/posts\/6960\/revisions\/6964"}],"wp:featuredmedia":[{"embeddable":true,"href":"https:\/\/www.borgione.it\/blog\/wp-json\/wp\/v2\/media\/6961"}],"wp:attachment":[{"href":"https:\/\/www.borgione.it\/blog\/wp-json\/wp\/v2\/media?parent=6960"}],"wp:term":[{"taxonomy":"category","embeddable":true,"href":"https:\/\/www.borgione.it\/blog\/wp-json\/wp\/v2\/categories?post=6960"},{"taxonomy":"post_tag","embeddable":true,"href":"https:\/\/www.borgione.it\/blog\/wp-json\/wp\/v2\/tags?post=6960"}],"curies":[{"name":"wp","href":"https:\/\/api.w.org\/{rel}","templated":true}]}}