{"id":6745,"date":"2022-07-15T08:32:11","date_gmt":"2022-07-15T06:32:11","guid":{"rendered":"https:\/\/www.borgione.it\/blog\/?p=6745"},"modified":"2022-07-29T10:51:11","modified_gmt":"2022-07-29T08:51:11","slug":"set-asilo-personalizzato-cosa-serve","status":"publish","type":"post","link":"https:\/\/www.borgione.it\/blog\/set-asilo-personalizzato-cosa-serve\/","title":{"rendered":"Set asilo personalizzato: cosa serve?"},"content":{"rendered":"<p>Tra qualche mese i bambini inizieranno l\u2019asilo e per i genitori \u00e8 arrivato il momento di cercare dei set per l\u2019asilo personalizzati. Da quest\u2019anno, con l\u2019apertura della<strong> Sartoria Borgione<\/strong>, abbiamo deciso di crearne internamente due: <strong>set asilo nido e infanzia e set pappa<\/strong>.<\/p>\n<p>Sono <strong>interamente personalizzabili<\/strong>, potrete scegliere il colore, il ricamo e il carattere con cui scrivere il nome del vostro bambino o della vostra bambina.<\/p>\n<p><em>I prodotti sono visionabili <a href=\"https:\/\/www.borgione.it\/set-asilo-e-set-scuola\">qui<\/a>.<\/em><\/p>\n<h2><strong>Set nido e set infanzia: cosa comprendono<\/strong><\/h2>\n<p><img decoding=\"async\" class=\"alignleft size-full wp-image-6746\" src=\"https:\/\/borgione.kleecks-cdn.com\/blog\/wp-content\/uploads\/2022\/07\/kit-nido-e-infanzia-scaled.jpg\" alt=\"\" width=\"2560\" height=\"1696\" srcset=\"https:\/\/www.borgione.it\/blog\/wp-content\/uploads\/2022\/07\/kit-nido-e-infanzia-scaled.jpg%202560w,%20https:\/blog.borgione.it\/wp-content\/uploads\/2022\/07\/kit-nido-e-infanzia-300x199.jpg%20300w,%20https:\/blog.borgione.it\/wp-content\/uploads\/2022\/07\/kit-nido-e-infanzia-1024x678.jpg%201024w,%20https:\/blog.borgione.it\/wp-content\/uploads\/2022\/07\/kit-nido-e-infanzia-768x509.jpg%20768w,%20https:\/blog.borgione.it\/wp-content\/uploads\/2022\/07\/kit-nido-e-infanzia-1536x1017.jpg%201536w,%20https:\/blog.borgione.it\/wp-content\/uploads\/2022\/07\/kit-nido-e-infanzia-2048x1356.jpg%202048w\" sizes=\"(max-width: 2560px) 100vw, 2560px\" \/><\/p>\n<p>I <strong>set nido e i set per la scuola infanzia<\/strong> sono tipicamente composti da bavaglino, sacca cambio e asciugamano.<\/p>\n<p>\u00c8 importante che la qualit\u00e0 dei tessuti sia alta, questo permetter\u00e0 di avere un prodotto durevole nel tempo (per tutti gli anni di nido e infanzia dei piccoli di casa).<\/p>\n<p>Il <strong>bavaglino<\/strong> presente nel set nido e infanzia \u00e8 realizzato in morbida spugna 100% cotone con elastico al collo e bordatura in cotone del colore scelto. L\u2019elastico al collo permette una maggior praticit\u00e0 e comodit\u00e0 nel toglierlo e metterlo ai bambini. Anche gli <strong>asciugamani asilo<\/strong> sono in spugna 100% cotone, con asola per poterli appendere nei bagni e contrassegnati col nome del vostro bambino.<\/p>\n<p>La <strong>sacca asilo<\/strong> \u00e8 in 35 % cotone 65% poliestere quadrettato, dotata di cordino su entrambi i lati. Il ricamo del nome \u00e8 ben visibile ed \u00e8 sufficientemente ampia da contenere uno o due cambi per il bambino o la bambina. Quando sono tanto piccoli pu\u00f2 succedere frequentemente di sporcarsi e spesso sia l\u2019asilo nido che la scuola dell\u2019infanzia chiede che ci siano dei cambi completi.<\/p>\n<p>Tutti i prodotti presenti nel set asilo e nel set nido sono interamente personalizzabili.<\/p>\n<h2>Set pappa<\/h2>\n<p><img decoding=\"async\" class=\"alignleft size-full wp-image-6749\" src=\"https:\/\/borgione.kleecks-cdn.com\/blog\/wp-content\/uploads\/2022\/07\/kit-pappa-1-scaled.jpg\" alt=\"\" width=\"2560\" height=\"1696\" srcset=\"https:\/\/www.borgione.it\/blog\/wp-content\/uploads\/2022\/07\/kit-pappa-1-scaled.jpg%202560w,%20https:\/blog.borgione.it\/wp-content\/uploads\/2022\/07\/kit-pappa-1-300x199.jpg%20300w,%20https:\/blog.borgione.it\/wp-content\/uploads\/2022\/07\/kit-pappa-1-1024x678.jpg%201024w,%20https:\/blog.borgione.it\/wp-content\/uploads\/2022\/07\/kit-pappa-1-768x509.jpg%20768w,%20https:\/blog.borgione.it\/wp-content\/uploads\/2022\/07\/kit-pappa-1-1536x1017.jpg%201536w,%20https:\/blog.borgione.it\/wp-content\/uploads\/2022\/07\/kit-pappa-1-2048x1356.jpg%202048w\" sizes=\"(max-width: 2560px) 100vw, 2560px\" \/><\/p>\n<p>Il<strong> set pappa<\/strong> si compone di tovaglietta e portatovagliolo (o portaposate).<\/p>\n<p>Sia la <strong>tovaglietta<\/strong> che il <strong>portatovagliolo<\/strong> sono realizzati in cotone sanforizzato 100% con bordatura in cotone e con il nome ricamato in centro.<\/p>\n<p>Il <strong>set pappa \u00e8 interamente personalizzabile<\/strong> ed \u00e8 un\u2019ottima idea regalo oltre che un prezioso sussidio per le giornate a scuola o all\u2019asilo dei nostri bambini e delle nostre bambine.<\/p>\n","protected":false},"excerpt":{"rendered":"<p>Tra qualche mese i bambini inizieranno l\u2019asilo e per i genitori \u00e8 arrivato il momento di cercare dei set per l\u2019asilo personalizzati. Da quest\u2019anno, con l\u2019apertura della Sartoria Borgione, abbiamo deciso di crearne internamente due: set asilo nido e infanzia e set pappa. Sono interamente personalizzabili, potrete scegliere il colore, il ricamo e il carattere [&hellip;]<\/p>\n","protected":false},"author":16,"featured_media":6748,"comment_status":"open","ping_status":"open","sticky":false,"template":"","format":"standard","meta":{"_genesis_hide_title":false,"_genesis_hide_breadcrumbs":false,"_genesis_hide_singular_image":false,"_genesis_hide_footer_widgets":false,"_genesis_custom_body_class":"","_genesis_custom_post_class":"","_genesis_layout":"","footnotes":""},"categories":[1],"tags":[],"class_list":{"0":"post-6745","1":"post","2":"type-post","3":"status-publish","4":"format-standard","5":"has-post-thumbnail","7":"category-notizie","8":"entry"},"yoast_head":"<!-- This site is optimized with the Yoast SEO plugin v27.4 - https:\/\/yoast.com\/product\/yoast-seo-wordpress\/ -->\n<title>Set asilo personalizzato: cosa serve? - Blog - Borgione Centro Didattico<\/title>\n<meta name=\"robots\" content=\"index, follow, max-snippet:-1, max-image-preview:large, max-video-preview:-1\" \/>\n<link rel=\"canonical\" href=\"https:\/\/www.borgione.it\/blog\/set-asilo-personalizzato-cosa-serve\/\" \/>\n<meta property=\"og:locale\" content=\"it_IT\" \/>\n<meta property=\"og:type\" content=\"article\" \/>\n<meta property=\"og:title\" content=\"Set asilo personalizzato: cosa serve? - Blog - Borgione Centro Didattico\" \/>\n<meta property=\"og:description\" content=\"Tra qualche mese i bambini inizieranno l\u2019asilo e per i genitori \u00e8 arrivato il momento di cercare dei set per l\u2019asilo personalizzati. Da quest\u2019anno, con l\u2019apertura della Sartoria Borgione, abbiamo deciso di crearne internamente due: set asilo nido e infanzia e set pappa. Sono interamente personalizzabili, potrete scegliere il colore, il ricamo e il carattere [&hellip;]\" \/>\n<meta property=\"og:url\" content=\"https:\/\/www.borgione.it\/blog\/set-asilo-personalizzato-cosa-serve\/\" \/>\n<meta property=\"og:site_name\" content=\"Blog - Borgione Centro Didattico\" \/>\n<meta property=\"article:published_time\" content=\"2022-07-15T06:32:11+00:00\" \/>\n<meta property=\"article:modified_time\" content=\"2022-07-29T08:51:11+00:00\" \/>\n<meta property=\"og:image\" content=\"https:\/\/borgione.kleecks-cdn.com\/blog\/wp-content\/uploads\/2022\/07\/set-asilo-personalizzato-cosa-serve-scaled.jpg\" \/>\n\t<meta property=\"og:image:width\" content=\"2560\" \/>\n\t<meta property=\"og:image:height\" content=\"1696\" \/>\n\t<meta property=\"og:image:type\" content=\"image\/jpeg\" \/>\n<meta name=\"author\" content=\"Federica Maroso\" \/>\n<meta name=\"twitter:card\" content=\"summary_large_image\" \/>\n<meta name=\"twitter:label1\" content=\"Written by\" \/>\n\t<meta name=\"twitter:data1\" content=\"Federica Maroso\" \/>\n\t<meta name=\"twitter:label2\" content=\"Est. reading time\" \/>\n\t<meta name=\"twitter:data2\" content=\"2 minuti\" \/>\n<script type=\"application\/ld+json\" class=\"yoast-schema-graph\">{\"@context\":\"https:\\\/\\\/schema.org\",\"@graph\":[{\"@type\":\"Article\",\"@id\":\"https:\\\/\\\/www.borgione.it\\\/blog\\\/set-asilo-personalizzato-cosa-serve#article\",\"isPartOf\":{\"@id\":\"https:\\\/\\\/www.borgione.it\\\/blog\\\/set-asilo-personalizzato-cosa-serve\\\/\"},\"author\":{\"name\":\"Federica Maroso\",\"@id\":\"https:\\\/\\\/www.borgione.it\\\/blog\\\/#\\\/schema\\\/person\\\/3c87b2524919da43b6e64cd8fafd1e64\"},\"headline\":\"Set asilo personalizzato: cosa serve?\",\"datePublished\":\"2022-07-15T06:32:11+00:00\",\"dateModified\":\"2022-07-29T08:51:11+00:00\",\"mainEntityOfPage\":{\"@id\":\"https:\\\/\\\/www.borgione.it\\\/blog\\\/set-asilo-personalizzato-cosa-serve\\\/\"},\"wordCount\":338,\"commentCount\":0,\"image\":{\"@id\":\"https:\\\/\\\/www.borgione.it\\\/blog\\\/set-asilo-personalizzato-cosa-serve#primaryimage\"},\"thumbnailUrl\":\"https:\\\/\\\/borgione.kleecks-cdn.com\\\/blog\\\/wp-content\\\/uploads\\\/2022\\\/07\\\/set-asilo-personalizzato-cosa-serve-scaled.jpg\",\"articleSection\":[\"Notizie\"],\"inLanguage\":\"it-IT\",\"potentialAction\":[{\"@type\":\"CommentAction\",\"name\":\"Comment\",\"target\":[\"https:\\\/\\\/www.borgione.it\\\/blog\\\/set-asilo-personalizzato-cosa-serve#respond\"]}]},{\"@type\":\"WebPage\",\"@id\":\"https:\\\/\\\/www.borgione.it\\\/blog\\\/set-asilo-personalizzato-cosa-serve\\\/\",\"url\":\"https:\\\/\\\/www.borgione.it\\\/blog\\\/set-asilo-personalizzato-cosa-serve\\\/\",\"name\":\"Set asilo personalizzato: cosa serve? - Blog - Borgione Centro Didattico\",\"isPartOf\":{\"@id\":\"https:\\\/\\\/www.borgione.it\\\/blog\\\/#website\"},\"primaryImageOfPage\":{\"@id\":\"https:\\\/\\\/www.borgione.it\\\/blog\\\/set-asilo-personalizzato-cosa-serve#primaryimage\"},\"image\":{\"@id\":\"https:\\\/\\\/www.borgione.it\\\/blog\\\/set-asilo-personalizzato-cosa-serve#primaryimage\"},\"thumbnailUrl\":\"https:\\\/\\\/borgione.kleecks-cdn.com\\\/blog\\\/wp-content\\\/uploads\\\/2022\\\/07\\\/set-asilo-personalizzato-cosa-serve-scaled.jpg\",\"datePublished\":\"2022-07-15T06:32:11+00:00\",\"dateModified\":\"2022-07-29T08:51:11+00:00\",\"author\":{\"@id\":\"https:\\\/\\\/www.borgione.it\\\/blog\\\/#\\\/schema\\\/person\\\/3c87b2524919da43b6e64cd8fafd1e64\"},\"breadcrumb\":{\"@id\":\"https:\\\/\\\/www.borgione.it\\\/blog\\\/set-asilo-personalizzato-cosa-serve#breadcrumb\"},\"inLanguage\":\"it-IT\",\"potentialAction\":[{\"@type\":\"ReadAction\",\"target\":[\"https:\\\/\\\/www.borgione.it\\\/blog\\\/set-asilo-personalizzato-cosa-serve\\\/\"]}]},{\"@type\":\"ImageObject\",\"inLanguage\":\"it-IT\",\"@id\":\"https:\\\/\\\/www.borgione.it\\\/blog\\\/set-asilo-personalizzato-cosa-serve#primaryimage\",\"url\":\"https:\\\/\\\/borgione.kleecks-cdn.com\\\/blog\\\/wp-content\\\/uploads\\\/2022\\\/07\\\/set-asilo-personalizzato-cosa-serve-scaled.jpg\",\"contentUrl\":\"https:\\\/\\\/borgione.kleecks-cdn.com\\\/blog\\\/wp-content\\\/uploads\\\/2022\\\/07\\\/set-asilo-personalizzato-cosa-serve-scaled.jpg\",\"width\":2560,\"height\":1696},{\"@type\":\"BreadcrumbList\",\"@id\":\"https:\\\/\\\/www.borgione.it\\\/blog\\\/set-asilo-personalizzato-cosa-serve#breadcrumb\",\"itemListElement\":[{\"@type\":\"ListItem\",\"position\":1,\"name\":\"Home\",\"item\":\"https:\\\/\\\/www.borgione.it\\\/blog\\\/\"},{\"@type\":\"ListItem\",\"position\":2,\"name\":\"Set asilo personalizzato: cosa serve?\"}]},{\"@type\":\"WebSite\",\"@id\":\"https:\\\/\\\/www.borgione.it\\\/blog\\\/#website\",\"url\":\"https:\\\/\\\/www.borgione.it\\\/blog\\\/\",\"name\":\"Blog - Borgione Centro Didattico\",\"description\":\"\",\"potentialAction\":[{\"@type\":\"SearchAction\",\"target\":{\"@type\":\"EntryPoint\",\"urlTemplate\":\"https:\\\/\\\/www.borgione.it\\\/blog\\\/?s=%7Bsearch_term_string%7D\"},\"query-input\":{\"@type\":\"PropertyValueSpecification\",\"valueRequired\":true,\"valueName\":\"search_term_string\"}}],\"inLanguage\":\"it-IT\"},{\"@type\":\"Person\",\"@id\":\"https:\\\/\\\/www.borgione.it\\\/blog\\\/#\\\/schema\\\/person\\\/3c87b2524919da43b6e64cd8fafd1e64\",\"name\":\"Federica Maroso\",\"sameAs\":[\"https:\\\/\\\/www.linkedin.com\\\/in\\\/federica-maroso-786296173\\\/\"],\"url\":\"https:\\\/\\\/www.borgione.it\\\/blog\\\/author\\\/federica-maroso\\\/\"}]}<\/script>\n<!-- \/ Yoast SEO plugin. -->","yoast_head_json":{"title":"Set asilo personalizzato: cosa serve? - Blog - Borgione Centro Didattico","robots":{"index":"index","follow":"follow","max-snippet":"max-snippet:-1","max-image-preview":"max-image-preview:large","max-video-preview":"max-video-preview:-1"},"canonical":"https:\/\/www.borgione.it\/blog\/set-asilo-personalizzato-cosa-serve\/","og_locale":"it_IT","og_type":"article","og_title":"Set asilo personalizzato: cosa serve? - Blog - Borgione Centro Didattico","og_description":"Tra qualche mese i bambini inizieranno l\u2019asilo e per i genitori \u00e8 arrivato il momento di cercare dei set per l\u2019asilo personalizzati. Da quest\u2019anno, con l\u2019apertura della Sartoria Borgione, abbiamo deciso di crearne internamente due: set asilo nido e infanzia e set pappa. Sono interamente personalizzabili, potrete scegliere il colore, il ricamo e il carattere [&hellip;]","og_url":"https:\/\/www.borgione.it\/blog\/set-asilo-personalizzato-cosa-serve\/","og_site_name":"Blog - Borgione Centro Didattico","article_published_time":"2022-07-15T06:32:11+00:00","article_modified_time":"2022-07-29T08:51:11+00:00","og_image":[{"width":2560,"height":1696,"url":"https:\/\/borgione.kleecks-cdn.com\/blog\/wp-content\/uploads\/2022\/07\/set-asilo-personalizzato-cosa-serve-scaled.jpg","type":"image\/jpeg"}],"author":"Federica Maroso","twitter_card":"summary_large_image","twitter_misc":{"Written by":"Federica Maroso","Est. reading time":"2 minuti"},"schema":{"@context":"https:\/\/schema.org","@graph":[{"@type":"Article","@id":"https:\/\/www.borgione.it\/blog\/set-asilo-personalizzato-cosa-serve#article","isPartOf":{"@id":"https:\/\/www.borgione.it\/blog\/set-asilo-personalizzato-cosa-serve\/"},"author":{"name":"Federica Maroso","@id":"https:\/\/www.borgione.it\/blog\/#\/schema\/person\/3c87b2524919da43b6e64cd8fafd1e64"},"headline":"Set asilo personalizzato: cosa serve?","datePublished":"2022-07-15T06:32:11+00:00","dateModified":"2022-07-29T08:51:11+00:00","mainEntityOfPage":{"@id":"https:\/\/www.borgione.it\/blog\/set-asilo-personalizzato-cosa-serve\/"},"wordCount":338,"commentCount":0,"image":{"@id":"https:\/\/www.borgione.it\/blog\/set-asilo-personalizzato-cosa-serve#primaryimage"},"thumbnailUrl":"https:\/\/borgione.kleecks-cdn.com\/blog\/wp-content\/uploads\/2022\/07\/set-asilo-personalizzato-cosa-serve-scaled.jpg","articleSection":["Notizie"],"inLanguage":"it-IT","potentialAction":[{"@type":"CommentAction","name":"Comment","target":["https:\/\/www.borgione.it\/blog\/set-asilo-personalizzato-cosa-serve#respond"]}]},{"@type":"WebPage","@id":"https:\/\/www.borgione.it\/blog\/set-asilo-personalizzato-cosa-serve\/","url":"https:\/\/www.borgione.it\/blog\/set-asilo-personalizzato-cosa-serve\/","name":"Set asilo personalizzato: cosa serve? - Blog - Borgione Centro Didattico","isPartOf":{"@id":"https:\/\/www.borgione.it\/blog\/#website"},"primaryImageOfPage":{"@id":"https:\/\/www.borgione.it\/blog\/set-asilo-personalizzato-cosa-serve#primaryimage"},"image":{"@id":"https:\/\/www.borgione.it\/blog\/set-asilo-personalizzato-cosa-serve#primaryimage"},"thumbnailUrl":"https:\/\/borgione.kleecks-cdn.com\/blog\/wp-content\/uploads\/2022\/07\/set-asilo-personalizzato-cosa-serve-scaled.jpg","datePublished":"2022-07-15T06:32:11+00:00","dateModified":"2022-07-29T08:51:11+00:00","author":{"@id":"https:\/\/www.borgione.it\/blog\/#\/schema\/person\/3c87b2524919da43b6e64cd8fafd1e64"},"breadcrumb":{"@id":"https:\/\/www.borgione.it\/blog\/set-asilo-personalizzato-cosa-serve#breadcrumb"},"inLanguage":"it-IT","potentialAction":[{"@type":"ReadAction","target":["https:\/\/www.borgione.it\/blog\/set-asilo-personalizzato-cosa-serve\/"]}]},{"@type":"ImageObject","inLanguage":"it-IT","@id":"https:\/\/www.borgione.it\/blog\/set-asilo-personalizzato-cosa-serve#primaryimage","url":"https:\/\/borgione.kleecks-cdn.com\/blog\/wp-content\/uploads\/2022\/07\/set-asilo-personalizzato-cosa-serve-scaled.jpg","contentUrl":"https:\/\/borgione.kleecks-cdn.com\/blog\/wp-content\/uploads\/2022\/07\/set-asilo-personalizzato-cosa-serve-scaled.jpg","width":2560,"height":1696},{"@type":"BreadcrumbList","@id":"https:\/\/www.borgione.it\/blog\/set-asilo-personalizzato-cosa-serve#breadcrumb","itemListElement":[{"@type":"ListItem","position":1,"name":"Home","item":"https:\/\/www.borgione.it\/blog\/"},{"@type":"ListItem","position":2,"name":"Set asilo personalizzato: cosa serve?"}]},{"@type":"WebSite","@id":"https:\/\/www.borgione.it\/blog\/#website","url":"https:\/\/www.borgione.it\/blog\/","name":"Blog - Borgione Centro Didattico","description":"","potentialAction":[{"@type":"SearchAction","target":{"@type":"EntryPoint","urlTemplate":"https:\/\/www.borgione.it\/blog\/?s=%7Bsearch_term_string%7D"},"query-input":{"@type":"PropertyValueSpecification","valueRequired":true,"valueName":"search_term_string"}}],"inLanguage":"it-IT"},{"@type":"Person","@id":"https:\/\/www.borgione.it\/blog\/#\/schema\/person\/3c87b2524919da43b6e64cd8fafd1e64","name":"Federica Maroso","sameAs":["https:\/\/www.linkedin.com\/in\/federica-maroso-786296173\/"],"url":"https:\/\/www.borgione.it\/blog\/author\/federica-maroso\/"}]}},"_links":{"self":[{"href":"https:\/\/www.borgione.it\/blog\/wp-json\/wp\/v2\/posts\/6745","targetHints":{"allow":["GET"]}}],"collection":[{"href":"https:\/\/www.borgione.it\/blog\/wp-json\/wp\/v2\/posts"}],"about":[{"href":"https:\/\/www.borgione.it\/blog\/wp-json\/wp\/v2\/types\/post"}],"author":[{"embeddable":true,"href":"https:\/\/www.borgione.it\/blog\/wp-json\/wp\/v2\/users\/16"}],"replies":[{"embeddable":true,"href":"https:\/\/www.borgione.it\/blog\/wp-json\/wp\/v2\/comments?post=6745"}],"version-history":[{"count":2,"href":"https:\/\/www.borgione.it\/blog\/wp-json\/wp\/v2\/posts\/6745\/revisions"}],"predecessor-version":[{"id":6772,"href":"https:\/\/www.borgione.it\/blog\/wp-json\/wp\/v2\/posts\/6745\/revisions\/6772"}],"wp:featuredmedia":[{"embeddable":true,"href":"https:\/\/www.borgione.it\/blog\/wp-json\/wp\/v2\/media\/6748"}],"wp:attachment":[{"href":"https:\/\/www.borgione.it\/blog\/wp-json\/wp\/v2\/media?parent=6745"}],"wp:term":[{"taxonomy":"category","embeddable":true,"href":"https:\/\/www.borgione.it\/blog\/wp-json\/wp\/v2\/categories?post=6745"},{"taxonomy":"post_tag","embeddable":true,"href":"https:\/\/www.borgione.it\/blog\/wp-json\/wp\/v2\/tags?post=6745"}],"curies":[{"name":"wp","href":"https:\/\/api.w.org\/{rel}","templated":true}]}}