{"id":486,"date":"2015-03-24T11:28:05","date_gmt":"2015-03-24T10:28:05","guid":{"rendered":"https:\/\/www.borgione.it\/blog?p=486"},"modified":"2015-04-08T09:49:10","modified_gmt":"2015-04-08T07:49:10","slug":"una-citta-amica-dei-bambini","status":"publish","type":"post","link":"https:\/\/www.borgione.it\/blog\/una-citta-amica-dei-bambini\/","title":{"rendered":"Una citt\u00e0 amica dei bambini"},"content":{"rendered":"<p><em>Anna La Mattina, Pedagogista ANPE<\/em><\/p>\n<p>&nbsp;<\/p>\n<p>A 26 anni dall\u2019approvazione della convenzione ONU sui diritti dell\u2019Infanzia e dell\u2019Adolescenza e a 24 anni dall\u2019entrata in vigore in Italia della legge n. 176\/1991, siamo ancora ben lontani dalla realizzazione dei suoi principi fondamentali relativamente alla qualit\u00e0 della vita e all&#8217;avvio di buone pratiche che consentano il pieno sviluppo della personalit\u00e0 dei bambini e degli adolescenti.<\/p>\n<p>Una citt\u00e0 amica dei bambini, pensata e progettata a loro misura, deve garantire un livello di vita sostenibile, fatto di accoglienza, protezione e sicurezza, ma anche di affetti, relazioni sane, cultura, gioco e svago. Ci\u00f2 si ottiene creando quelle condizioni esistenziali che permettono ad ogni famiglia di aver riconosciuti i bisogni primari: un lavoro, una casa dignitosa, servizi a cui fare affidamento a sostegno della genitorialit\u00e0, perch\u00e9 i bambini possano essere allevati nel migliore dei modi. Ovviamente, \u00e8 compito delle istituzioni attivare tutte le sinergie possibili nel territorio, in forza della legge di attuazione della Convenzione sui Diritti del Fanciullo, affinch\u00e9 tutto ci\u00f2 possa essere realizzato.<\/p>\n<p>Lo Stato e gli Enti Locali, con gli aiuti dell\u2019UE, hanno il dovere di realizzare citt\u00e0 vivibili a misura del cittadino, in particolare dei bambini e degli adolescenti, cittadini a pieno titolo di oggi e di domani. Cosa deve prevedere una comunit\u00e0 urbana, affinch\u00e9 divenga una \u201cCitt\u00e0 Amica\u201d dei pi\u00f9 piccoli?<\/p>\n<p>Anzitutto deve essere una citt\u00e0 che educa nel senso pi\u00f9 autentico del termine, ovvero deve offrire gli strumenti per far emergere le risorse di ciascuno; ci\u00f2 sar\u00e0 possibile non soltanto attraverso il compito specifico di un qualsivoglia ufficio di assistenza sociale o di una scuola; piuttosto deve divenire essa stessa \u201crealt\u00e0 educativa ed educante\u201d, dovr\u00e0 fornire cio\u00e8, una serie di servizi, strutture ed infrastrutture tali da renderla funzionale, gradevole e comprensibile ai pi\u00f9 piccoli e, nello stesso tempo, deve farsi modello da imitare, per una cittadinanza sempre pi\u00f9 consapevole e responsabile.<\/p>\n<p>La Citt\u00e0 di Palermo si \u00e8 resa protagonista, di recente, di una interessante esperienza denominata \u201cFestival della Citt\u00e0 Educativa\u201d, in virt\u00f9 del fatto di essere una citt\u00e0 metropolitana del Sud Italia, ricca di problematiche di ogni genere e piuttosto lontana dall\u2019essere e dall\u2019essere stata una citt\u00e0 per i bambini. Palermo ha deciso di ripensarsi e di disegnare un progetto per diventare realt\u00e0 educativa nel suo insieme, coinvolgendo tutti, ma proprio tutti: dalle istituzioni competenti al mondo dell\u2019associazionismo e del volontariato, dalle associazioni professionali (fra cui l\u2019ANPE, come ente patrocinante e partecipativo del tavolo tecnico-scientifico) ai commercianti, fino ad arrivare alle aziende sanitarie e ad enti religiosi di diverse confessioni. Questi soggetti sono, a diversi livelli, tutti operatori nel territorio, e sono stati invitati dall\u2019Amministrazione Comunale ad assumersi ognuno la responsabilit\u00e0 di firmare un patto di lungo respiro con la Citt\u00e0, per la tutela dei minori; ci\u00f2 in ordine alla sicurezza, all\u2019accoglienza, alla pulizia, alla diffusone della cultura che parla il linguaggio dei pi\u00f9 piccoli (i bambini hanno redatto la carta dei diritti del fanciullo ONU, usando il loro linguaggio), nonch\u00e9 alla diffusione di buone pratiche educative che ognuno pu\u00f2\u00a0 mettere in atto, in famiglia, a scuola, in un negozio, per strada, nelle chiese, nei musei, nei giardini pubblici, sui mezzi di trasporto\u2026ovunque vi sia un minore !<\/p>\n<p>Mi piace citare una bella frase del Sindaco di Palermo Leoluca Orlando, in occasione della manifestazione di chiusura del festival per la Citt\u00e0 educativa: \u201cL\u2019educazione \u00e8 uno stile di vita e una pratica di cittadinanza\u201d. Questo potr\u00e0 divenire realt\u00e0, attraverso l\u2019esempio degli adulti e l\u2019apprendimento precoce da parte dei pi\u00f9 piccoli.<\/p>\n<p>\u00c8 un investimento da fare, qualcosa di importante su cui scommettere, facendoci consigliare proprio da loro: i bambini e i ragazzi che, con la loro fresca capacit\u00e0 di sognare a colori, sapranno senz\u2019altro indicare la strada maestra da percorrere, per realizzare i propri sogni: parco-giochi, strade sicure chiuse al traffico, spazi ludici e di apprendimento condivisi, come ludoteche aperte al territorio, tempo\/spazio per il doposcuola e pratiche sportive. ma anche scuole belle e funzionanti, strade pulite, servizi efficienti, gente\u00a0 di buona volont\u00e0, disposta a fare la propria parte, genitori che sappiano essere figure di riferimento, nonni disponibili ad accompagnare, proteggere e a raccontare favole, rinsaldando il patto fra le generazioni, operatori sociali (Pedagogisti, Assistenti sociali, Psicologi, Medici, Insegnanti) sensibili e professionali\u2026adulti capaci di ascoltare&#8230; perch\u00e9 a nessuno di questi piccoli venga meno il diritto di crescere bene, fra gli affetti pi\u00f9 cari,\u00a0 in una citt\u00e0 adeguatamente pensata ed attrezzata per loro.<\/p>\n<p>&nbsp;<\/p>\n","protected":false},"excerpt":{"rendered":"<p>Anna La Mattina, Pedagogista ANPE &nbsp; A 26 anni dall\u2019approvazione della convenzione ONU sui diritti dell\u2019Infanzia e dell\u2019Adolescenza e a 24 anni dall\u2019entrata in vigore in Italia della legge n. 176\/1991, siamo ancora ben lontani dalla realizzazione dei suoi principi fondamentali relativamente alla qualit\u00e0 della vita e all&#8217;avvio di buone pratiche che consentano il pieno [&hellip;]<\/p>\n","protected":false},"author":4,"featured_media":487,"comment_status":"open","ping_status":"open","sticky":false,"template":"","format":"standard","meta":{"_genesis_hide_title":false,"_genesis_hide_breadcrumbs":false,"_genesis_hide_singular_image":false,"_genesis_hide_footer_widgets":false,"_genesis_custom_body_class":"","_genesis_custom_post_class":"","_genesis_layout":"","footnotes":""},"categories":[7,1],"tags":[104,105,106],"class_list":{"0":"post-486","1":"post","2":"type-post","3":"status-publish","4":"format-standard","5":"has-post-thumbnail","7":"category-pedagogia","8":"category-notizie","9":"tag-citta-amica-dei-bambini","10":"tag-festival-della-citta-educativa","11":"tag-palermo","12":"entry"},"yoast_head":"<!-- This site is optimized with the Yoast SEO plugin v27.4 - https:\/\/yoast.com\/product\/yoast-seo-wordpress\/ -->\n<title>Una citt\u00e0 amica dei bambini - Blog - Borgione Centro Didattico<\/title>\n<meta name=\"robots\" content=\"index, follow, max-snippet:-1, max-image-preview:large, max-video-preview:-1\" \/>\n<link rel=\"canonical\" href=\"https:\/\/www.borgione.it\/blog\/una-citta-amica-dei-bambini\/\" \/>\n<meta property=\"og:locale\" content=\"it_IT\" \/>\n<meta property=\"og:type\" content=\"article\" \/>\n<meta property=\"og:title\" content=\"Una citt\u00e0 amica dei bambini - Blog - Borgione Centro Didattico\" \/>\n<meta property=\"og:description\" content=\"Anna La Mattina, Pedagogista ANPE &nbsp; A 26 anni dall\u2019approvazione della convenzione ONU sui diritti dell\u2019Infanzia e dell\u2019Adolescenza e a 24 anni dall\u2019entrata in vigore in Italia della legge n. 176\/1991, siamo ancora ben lontani dalla realizzazione dei suoi principi fondamentali relativamente alla qualit\u00e0 della vita e all&#8217;avvio di buone pratiche che consentano il pieno [&hellip;]\" \/>\n<meta property=\"og:url\" content=\"https:\/\/www.borgione.it\/blog\/una-citta-amica-dei-bambini\/\" \/>\n<meta property=\"og:site_name\" content=\"Blog - Borgione Centro Didattico\" \/>\n<meta property=\"article:published_time\" content=\"2015-03-24T10:28:05+00:00\" \/>\n<meta property=\"article:modified_time\" content=\"2015-04-08T07:49:10+00:00\" \/>\n<meta property=\"og:image\" content=\"https:\/\/borgione.kleecks-cdn.com\/blog\/wp-content\/uploads\/2015\/03\/logo-festival-completo-web-medio.jpg\" \/>\n\t<meta property=\"og:image:width\" content=\"602\" \/>\n\t<meta property=\"og:image:height\" content=\"559\" \/>\n\t<meta property=\"og:image:type\" content=\"image\/jpeg\" \/>\n<meta name=\"author\" content=\"ANPE- Associazione Nazionale dei Pedagogisti Italiani\" \/>\n<meta name=\"twitter:card\" content=\"summary_large_image\" \/>\n<meta name=\"twitter:label1\" content=\"Written by\" \/>\n\t<meta name=\"twitter:data1\" content=\"ANPE- Associazione Nazionale dei Pedagogisti Italiani\" \/>\n\t<meta name=\"twitter:label2\" content=\"Est. reading time\" \/>\n\t<meta name=\"twitter:data2\" content=\"4 minuti\" \/>\n<script type=\"application\/ld+json\" class=\"yoast-schema-graph\">{\"@context\":\"https:\\\/\\\/schema.org\",\"@graph\":[{\"@type\":\"Article\",\"@id\":\"https:\\\/\\\/www.borgione.it\\\/blog\\\/una-citta-amica-dei-bambini#article\",\"isPartOf\":{\"@id\":\"https:\\\/\\\/www.borgione.it\\\/blog\\\/una-citta-amica-dei-bambini\\\/\"},\"author\":{\"name\":\"ANPE- Associazione Nazionale dei Pedagogisti Italiani\",\"@id\":\"https:\\\/\\\/www.borgione.it\\\/blog\\\/#\\\/schema\\\/person\\\/11c315b5bae91e570337949ce3566025\"},\"headline\":\"Una citt\u00e0 amica dei bambini\",\"datePublished\":\"2015-03-24T10:28:05+00:00\",\"dateModified\":\"2015-04-08T07:49:10+00:00\",\"mainEntityOfPage\":{\"@id\":\"https:\\\/\\\/www.borgione.it\\\/blog\\\/una-citta-amica-dei-bambini\\\/\"},\"wordCount\":746,\"commentCount\":0,\"image\":{\"@id\":\"https:\\\/\\\/www.borgione.it\\\/blog\\\/una-citta-amica-dei-bambini#primaryimage\"},\"thumbnailUrl\":\"https:\\\/\\\/borgione.kleecks-cdn.com\\\/blog\\\/wp-content\\\/uploads\\\/2015\\\/03\\\/logo-festival-completo-web-medio.jpg\",\"keywords\":[\"citt\u00e0 amica dei bambini\",\"festival della citt\u00e0 educativa\",\"palermo\"],\"articleSection\":[\"Angolo del Terapista\",\"Notizie\"],\"inLanguage\":\"it-IT\",\"potentialAction\":[{\"@type\":\"CommentAction\",\"name\":\"Comment\",\"target\":[\"https:\\\/\\\/www.borgione.it\\\/blog\\\/una-citta-amica-dei-bambini#respond\"]}]},{\"@type\":\"WebPage\",\"@id\":\"https:\\\/\\\/www.borgione.it\\\/blog\\\/una-citta-amica-dei-bambini\\\/\",\"url\":\"https:\\\/\\\/www.borgione.it\\\/blog\\\/una-citta-amica-dei-bambini\\\/\",\"name\":\"Una citt\u00e0 amica dei bambini - Blog - Borgione Centro Didattico\",\"isPartOf\":{\"@id\":\"https:\\\/\\\/www.borgione.it\\\/blog\\\/#website\"},\"primaryImageOfPage\":{\"@id\":\"https:\\\/\\\/www.borgione.it\\\/blog\\\/una-citta-amica-dei-bambini#primaryimage\"},\"image\":{\"@id\":\"https:\\\/\\\/www.borgione.it\\\/blog\\\/una-citta-amica-dei-bambini#primaryimage\"},\"thumbnailUrl\":\"https:\\\/\\\/borgione.kleecks-cdn.com\\\/blog\\\/wp-content\\\/uploads\\\/2015\\\/03\\\/logo-festival-completo-web-medio.jpg\",\"datePublished\":\"2015-03-24T10:28:05+00:00\",\"dateModified\":\"2015-04-08T07:49:10+00:00\",\"author\":{\"@id\":\"https:\\\/\\\/www.borgione.it\\\/blog\\\/#\\\/schema\\\/person\\\/11c315b5bae91e570337949ce3566025\"},\"breadcrumb\":{\"@id\":\"https:\\\/\\\/www.borgione.it\\\/blog\\\/una-citta-amica-dei-bambini#breadcrumb\"},\"inLanguage\":\"it-IT\",\"potentialAction\":[{\"@type\":\"ReadAction\",\"target\":[\"https:\\\/\\\/www.borgione.it\\\/blog\\\/una-citta-amica-dei-bambini\\\/\"]}]},{\"@type\":\"ImageObject\",\"inLanguage\":\"it-IT\",\"@id\":\"https:\\\/\\\/www.borgione.it\\\/blog\\\/una-citta-amica-dei-bambini#primaryimage\",\"url\":\"https:\\\/\\\/borgione.kleecks-cdn.com\\\/blog\\\/wp-content\\\/uploads\\\/2015\\\/03\\\/logo-festival-completo-web-medio.jpg\",\"contentUrl\":\"https:\\\/\\\/borgione.kleecks-cdn.com\\\/blog\\\/wp-content\\\/uploads\\\/2015\\\/03\\\/logo-festival-completo-web-medio.jpg\",\"width\":602,\"height\":559},{\"@type\":\"BreadcrumbList\",\"@id\":\"https:\\\/\\\/www.borgione.it\\\/blog\\\/una-citta-amica-dei-bambini#breadcrumb\",\"itemListElement\":[{\"@type\":\"ListItem\",\"position\":1,\"name\":\"Home\",\"item\":\"https:\\\/\\\/www.borgione.it\\\/blog\\\/\"},{\"@type\":\"ListItem\",\"position\":2,\"name\":\"Una citt\u00e0 amica dei bambini\"}]},{\"@type\":\"WebSite\",\"@id\":\"https:\\\/\\\/www.borgione.it\\\/blog\\\/#website\",\"url\":\"https:\\\/\\\/www.borgione.it\\\/blog\\\/\",\"name\":\"Blog - Borgione Centro Didattico\",\"description\":\"\",\"potentialAction\":[{\"@type\":\"SearchAction\",\"target\":{\"@type\":\"EntryPoint\",\"urlTemplate\":\"https:\\\/\\\/www.borgione.it\\\/blog\\\/?s=%7Bsearch_term_string%7D\"},\"query-input\":{\"@type\":\"PropertyValueSpecification\",\"valueRequired\":true,\"valueName\":\"search_term_string\"}}],\"inLanguage\":\"it-IT\"},{\"@type\":\"Person\",\"@id\":\"https:\\\/\\\/www.borgione.it\\\/blog\\\/#\\\/schema\\\/person\\\/11c315b5bae91e570337949ce3566025\",\"name\":\"ANPE- Associazione Nazionale dei Pedagogisti Italiani\",\"sameAs\":[\"http:\\\/\\\/www.anpe.it\\\/\"],\"url\":\"https:\\\/\\\/www.borgione.it\\\/blog\\\/author\\\/anpe-associazione-nazionale-dei-pedagogisti-italia\\\/\"}]}<\/script>\n<!-- \/ Yoast SEO plugin. -->","yoast_head_json":{"title":"Una citt\u00e0 amica dei bambini - Blog - Borgione Centro Didattico","robots":{"index":"index","follow":"follow","max-snippet":"max-snippet:-1","max-image-preview":"max-image-preview:large","max-video-preview":"max-video-preview:-1"},"canonical":"https:\/\/www.borgione.it\/blog\/una-citta-amica-dei-bambini\/","og_locale":"it_IT","og_type":"article","og_title":"Una citt\u00e0 amica dei bambini - Blog - Borgione Centro Didattico","og_description":"Anna La Mattina, Pedagogista ANPE &nbsp; A 26 anni dall\u2019approvazione della convenzione ONU sui diritti dell\u2019Infanzia e dell\u2019Adolescenza e a 24 anni dall\u2019entrata in vigore in Italia della legge n. 176\/1991, siamo ancora ben lontani dalla realizzazione dei suoi principi fondamentali relativamente alla qualit\u00e0 della vita e all&#8217;avvio di buone pratiche che consentano il pieno [&hellip;]","og_url":"https:\/\/www.borgione.it\/blog\/una-citta-amica-dei-bambini\/","og_site_name":"Blog - Borgione Centro Didattico","article_published_time":"2015-03-24T10:28:05+00:00","article_modified_time":"2015-04-08T07:49:10+00:00","og_image":[{"width":602,"height":559,"url":"https:\/\/borgione.kleecks-cdn.com\/blog\/wp-content\/uploads\/2015\/03\/logo-festival-completo-web-medio.jpg","type":"image\/jpeg"}],"author":"ANPE- Associazione Nazionale dei Pedagogisti Italiani","twitter_card":"summary_large_image","twitter_misc":{"Written by":"ANPE- Associazione Nazionale dei Pedagogisti Italiani","Est. reading time":"4 minuti"},"schema":{"@context":"https:\/\/schema.org","@graph":[{"@type":"Article","@id":"https:\/\/www.borgione.it\/blog\/una-citta-amica-dei-bambini#article","isPartOf":{"@id":"https:\/\/www.borgione.it\/blog\/una-citta-amica-dei-bambini\/"},"author":{"name":"ANPE- Associazione Nazionale dei Pedagogisti Italiani","@id":"https:\/\/www.borgione.it\/blog\/#\/schema\/person\/11c315b5bae91e570337949ce3566025"},"headline":"Una citt\u00e0 amica dei bambini","datePublished":"2015-03-24T10:28:05+00:00","dateModified":"2015-04-08T07:49:10+00:00","mainEntityOfPage":{"@id":"https:\/\/www.borgione.it\/blog\/una-citta-amica-dei-bambini\/"},"wordCount":746,"commentCount":0,"image":{"@id":"https:\/\/www.borgione.it\/blog\/una-citta-amica-dei-bambini#primaryimage"},"thumbnailUrl":"https:\/\/borgione.kleecks-cdn.com\/blog\/wp-content\/uploads\/2015\/03\/logo-festival-completo-web-medio.jpg","keywords":["citt\u00e0 amica dei bambini","festival della citt\u00e0 educativa","palermo"],"articleSection":["Angolo del Terapista","Notizie"],"inLanguage":"it-IT","potentialAction":[{"@type":"CommentAction","name":"Comment","target":["https:\/\/www.borgione.it\/blog\/una-citta-amica-dei-bambini#respond"]}]},{"@type":"WebPage","@id":"https:\/\/www.borgione.it\/blog\/una-citta-amica-dei-bambini\/","url":"https:\/\/www.borgione.it\/blog\/una-citta-amica-dei-bambini\/","name":"Una citt\u00e0 amica dei bambini - Blog - Borgione Centro Didattico","isPartOf":{"@id":"https:\/\/www.borgione.it\/blog\/#website"},"primaryImageOfPage":{"@id":"https:\/\/www.borgione.it\/blog\/una-citta-amica-dei-bambini#primaryimage"},"image":{"@id":"https:\/\/www.borgione.it\/blog\/una-citta-amica-dei-bambini#primaryimage"},"thumbnailUrl":"https:\/\/borgione.kleecks-cdn.com\/blog\/wp-content\/uploads\/2015\/03\/logo-festival-completo-web-medio.jpg","datePublished":"2015-03-24T10:28:05+00:00","dateModified":"2015-04-08T07:49:10+00:00","author":{"@id":"https:\/\/www.borgione.it\/blog\/#\/schema\/person\/11c315b5bae91e570337949ce3566025"},"breadcrumb":{"@id":"https:\/\/www.borgione.it\/blog\/una-citta-amica-dei-bambini#breadcrumb"},"inLanguage":"it-IT","potentialAction":[{"@type":"ReadAction","target":["https:\/\/www.borgione.it\/blog\/una-citta-amica-dei-bambini\/"]}]},{"@type":"ImageObject","inLanguage":"it-IT","@id":"https:\/\/www.borgione.it\/blog\/una-citta-amica-dei-bambini#primaryimage","url":"https:\/\/borgione.kleecks-cdn.com\/blog\/wp-content\/uploads\/2015\/03\/logo-festival-completo-web-medio.jpg","contentUrl":"https:\/\/borgione.kleecks-cdn.com\/blog\/wp-content\/uploads\/2015\/03\/logo-festival-completo-web-medio.jpg","width":602,"height":559},{"@type":"BreadcrumbList","@id":"https:\/\/www.borgione.it\/blog\/una-citta-amica-dei-bambini#breadcrumb","itemListElement":[{"@type":"ListItem","position":1,"name":"Home","item":"https:\/\/www.borgione.it\/blog\/"},{"@type":"ListItem","position":2,"name":"Una citt\u00e0 amica dei bambini"}]},{"@type":"WebSite","@id":"https:\/\/www.borgione.it\/blog\/#website","url":"https:\/\/www.borgione.it\/blog\/","name":"Blog - Borgione Centro Didattico","description":"","potentialAction":[{"@type":"SearchAction","target":{"@type":"EntryPoint","urlTemplate":"https:\/\/www.borgione.it\/blog\/?s=%7Bsearch_term_string%7D"},"query-input":{"@type":"PropertyValueSpecification","valueRequired":true,"valueName":"search_term_string"}}],"inLanguage":"it-IT"},{"@type":"Person","@id":"https:\/\/www.borgione.it\/blog\/#\/schema\/person\/11c315b5bae91e570337949ce3566025","name":"ANPE- Associazione Nazionale dei Pedagogisti Italiani","sameAs":["http:\/\/www.anpe.it\/"],"url":"https:\/\/www.borgione.it\/blog\/author\/anpe-associazione-nazionale-dei-pedagogisti-italia\/"}]}},"_links":{"self":[{"href":"https:\/\/www.borgione.it\/blog\/wp-json\/wp\/v2\/posts\/486","targetHints":{"allow":["GET"]}}],"collection":[{"href":"https:\/\/www.borgione.it\/blog\/wp-json\/wp\/v2\/posts"}],"about":[{"href":"https:\/\/www.borgione.it\/blog\/wp-json\/wp\/v2\/types\/post"}],"author":[{"embeddable":true,"href":"https:\/\/www.borgione.it\/blog\/wp-json\/wp\/v2\/users\/4"}],"replies":[{"embeddable":true,"href":"https:\/\/www.borgione.it\/blog\/wp-json\/wp\/v2\/comments?post=486"}],"version-history":[{"count":1,"href":"https:\/\/www.borgione.it\/blog\/wp-json\/wp\/v2\/posts\/486\/revisions"}],"predecessor-version":[{"id":488,"href":"https:\/\/www.borgione.it\/blog\/wp-json\/wp\/v2\/posts\/486\/revisions\/488"}],"wp:featuredmedia":[{"embeddable":true,"href":"https:\/\/www.borgione.it\/blog\/wp-json\/wp\/v2\/media\/487"}],"wp:attachment":[{"href":"https:\/\/www.borgione.it\/blog\/wp-json\/wp\/v2\/media?parent=486"}],"wp:term":[{"taxonomy":"category","embeddable":true,"href":"https:\/\/www.borgione.it\/blog\/wp-json\/wp\/v2\/categories?post=486"},{"taxonomy":"post_tag","embeddable":true,"href":"https:\/\/www.borgione.it\/blog\/wp-json\/wp\/v2\/tags?post=486"}],"curies":[{"name":"wp","href":"https:\/\/api.w.org\/{rel}","templated":true}]}}