{"id":423,"date":"2015-02-23T11:13:52","date_gmt":"2015-02-23T10:13:52","guid":{"rendered":"https:\/\/www.borgione.it\/blog?p=423"},"modified":"2020-10-19T13:05:25","modified_gmt":"2020-10-19T11:05:25","slug":"gufetto-orario-per-la-festa-del-papa","status":"publish","type":"post","link":"https:\/\/www.borgione.it\/blog\/gufetto-orario-per-la-festa-del-papa\/","title":{"rendered":"Idee per la festa del pap\u00e0: il gufetto orario"},"content":{"rendered":"<p>Ciao!<\/p>\n<p>Oggi vogliamo spiegarvi come realizzare un disco orario a forma di gufetto per la Festa del Pap\u00e0.<\/p>\n<p><strong>L&#8217;idea e le immagini sono tratte dal sito\u00a0<a href=\"http:\/\/countryowls.blogspot.it\/2014\/03\/gufetto-disco-orario.html\">http:\/\/countryowls.blogspot.it\/2014\/03\/gufetto-disco-orario.html<\/a><\/strong><\/p>\n<p><a href=\"https:\/\/borgione.kleecks-cdn.com\/blog\/wp-content\/uploads\/2015\/02\/gufetto-e1424686326670.jpg\"><img decoding=\"async\" class=\"aligncenter wp-image-424 size-medium\" src=\"https:\/\/borgione.kleecks-cdn.com\/blog\/wp-content\/uploads\/2015\/02\/gufetto-e1424686326670-272x300.jpg\" alt=\"Gufetto\" width=\"272\" height=\"300\" srcset=\"https:\/\/www.borgione.it\/blog\/wp-content\/uploads\/2015\/02\/gufetto-e1424686326670-272x300.jpg%20272w,%20https:\/blog.borgione.it\/wp-content\/uploads\/2015\/02\/gufetto-e1424686326670.jpg%20750w\" sizes=\"(max-width: 272px) 100vw, 272px\" \/><\/a><\/p>\n<p><strong>Cosa ci serve?<\/strong><\/p>\n<ul>\n<li>\u00a0<a href=\"https:\/\/www.borgione.it\/catalogsearch\/result?q=Panno+lenci+in+fogli\">Panno lenci in fogli<\/a><\/li>\n<li><a href=\"https:\/\/www.borgione.it\/creativita\/oggetti-da-decorare\/feltro-panno-lenci-e-tessuto\/colla-per-feltro-ml-100\">Colla per feltro<\/a><\/li>\n<li><a href=\"https:\/\/www.borgione.it\/creativita_2\/carta-e-cartoncino\">Cartoncino<\/a><\/li>\n<li><a href=\"https:\/\/www.borgione.it\/cancelleria\/prodotti-per-ufficio\/minuteria\/fermacampioni-in-ottone-n-3\">Fermacampioni<\/a><\/li>\n<\/ul>\n<p><strong>Come si fa?<\/strong><\/p>\n<ul>\n<li>\u00a0Realizziamo il corpo del gufetto con il panno lenci del colore che preferiamo. Creiamo due sagome identiche che ci serviranno per fronte e retro del gufetto nel quale inseriremo il nostro disco orario.<\/li>\n<li>Sempre con il panno lenci realizziamo il becco le alette, le zampe del gufetto, il cuoricino e gli occhi.<\/li>\n<li>Incolliamo gli elementi sul corpo del gufetto.<\/li>\n<li>Ritagliamo un cerchio in cartoncino e disegniamo il nostro disco orario (possiamo cercare su internet dei dischi orari da cui prendere esempio).<\/li>\n<li>Pratichiamo un foro al centro del cartoncino e sul corpo del gufetto in panno lenci.<\/li>\n<li>Uniamo il disco orario e il pannolenci (nella parte dove abbiamo praticato il foro) servendoci del fermacampione.<\/li>\n<li>Incolliamo i bordi dei due pannolenci per chiudere il nostro gufetto. Facciamo attenzione a non intaccare il meccanismo del nostro disco orario.<\/li>\n<li>Ecco pronto questo bellissimo gufetto per la macchina del pap\u00e0!<\/li>\n<\/ul>\n","protected":false},"excerpt":{"rendered":"<p>Ciao! Oggi vogliamo spiegarvi come realizzare un disco orario a forma di gufetto per la Festa del Pap\u00e0. L&#8217;idea e le immagini sono tratte dal sito\u00a0http:\/\/countryowls.blogspot.it\/2014\/03\/gufetto-disco-orario.html Cosa ci serve? \u00a0Panno lenci in fogli Colla per feltro Cartoncino Fermacampioni Come si fa? \u00a0Realizziamo il corpo del gufetto con il panno lenci del colore che preferiamo. Creiamo [&hellip;]<\/p>\n","protected":false},"author":2,"featured_media":424,"comment_status":"open","ping_status":"open","sticky":false,"template":"","format":"standard","meta":{"_genesis_hide_title":false,"_genesis_hide_breadcrumbs":false,"_genesis_hide_singular_image":false,"_genesis_hide_footer_widgets":false,"_genesis_custom_body_class":"","_genesis_custom_post_class":"","_genesis_layout":"","footnotes":""},"categories":[8,1],"tags":[66,93,370,40],"class_list":{"0":"post-423","1":"post","2":"type-post","3":"status-publish","4":"format-standard","5":"has-post-thumbnail","7":"category-creativita","8":"category-notizie","9":"tag-festa-del-papa","10":"tag-gufo","11":"tag-idee-festa-del-papa","12":"tag-lavoretti","13":"entry"},"yoast_head":"<!-- This site is optimized with the Yoast SEO plugin v27.4 - https:\/\/yoast.com\/product\/yoast-seo-wordpress\/ -->\n<title>Idee per la festa del pap\u00e0: il gufetto orario - Blog - Borgione Centro Didattico<\/title>\n<meta name=\"robots\" content=\"index, follow, max-snippet:-1, max-image-preview:large, max-video-preview:-1\" \/>\n<link rel=\"canonical\" href=\"https:\/\/www.borgione.it\/blog\/gufetto-orario-per-la-festa-del-papa\/\" \/>\n<meta property=\"og:locale\" content=\"it_IT\" \/>\n<meta property=\"og:type\" content=\"article\" \/>\n<meta property=\"og:title\" content=\"Idee per la festa del pap\u00e0: il gufetto orario - Blog - Borgione Centro Didattico\" \/>\n<meta property=\"og:description\" content=\"Ciao! Oggi vogliamo spiegarvi come realizzare un disco orario a forma di gufetto per la Festa del Pap\u00e0. L&#8217;idea e le immagini sono tratte dal sito\u00a0http:\/\/countryowls.blogspot.it\/2014\/03\/gufetto-disco-orario.html Cosa ci serve? \u00a0Panno lenci in fogli Colla per feltro Cartoncino Fermacampioni Come si fa? \u00a0Realizziamo il corpo del gufetto con il panno lenci del colore che preferiamo. Creiamo [&hellip;]\" \/>\n<meta property=\"og:url\" content=\"https:\/\/www.borgione.it\/blog\/gufetto-orario-per-la-festa-del-papa\/\" \/>\n<meta property=\"og:site_name\" content=\"Blog - Borgione Centro Didattico\" \/>\n<meta property=\"article:published_time\" content=\"2015-02-23T10:13:52+00:00\" \/>\n<meta property=\"article:modified_time\" content=\"2020-10-19T11:05:25+00:00\" \/>\n<meta property=\"og:image\" content=\"https:\/\/borgione.kleecks-cdn.com\/blog\/wp-content\/uploads\/2015\/02\/gufetto-e1424686326670.jpg\" \/>\n\t<meta property=\"og:image:width\" content=\"750\" \/>\n\t<meta property=\"og:image:height\" content=\"827\" \/>\n\t<meta property=\"og:image:type\" content=\"image\/jpeg\" \/>\n<meta name=\"author\" content=\"Redazione\" \/>\n<meta name=\"twitter:card\" content=\"summary_large_image\" \/>\n<meta name=\"twitter:label1\" content=\"Written by\" \/>\n\t<meta name=\"twitter:data1\" content=\"Redazione\" \/>\n\t<meta name=\"twitter:label2\" content=\"Est. reading time\" \/>\n\t<meta name=\"twitter:data2\" content=\"1 minuto\" \/>\n<script type=\"application\/ld+json\" class=\"yoast-schema-graph\">{\"@context\":\"https:\\\/\\\/schema.org\",\"@graph\":[{\"@type\":\"Article\",\"@id\":\"https:\\\/\\\/www.borgione.it\\\/blog\\\/gufetto-orario-per-la-festa-del-papa#article\",\"isPartOf\":{\"@id\":\"https:\\\/\\\/www.borgione.it\\\/blog\\\/gufetto-orario-per-la-festa-del-papa\\\/\"},\"author\":{\"name\":\"Redazione\",\"@id\":\"https:\\\/\\\/www.borgione.it\\\/blog\\\/#\\\/schema\\\/person\\\/035ab9f79e06957439022325c63541eb\"},\"headline\":\"Idee per la festa del pap\u00e0: il gufetto orario\",\"datePublished\":\"2015-02-23T10:13:52+00:00\",\"dateModified\":\"2020-10-19T11:05:25+00:00\",\"mainEntityOfPage\":{\"@id\":\"https:\\\/\\\/www.borgione.it\\\/blog\\\/gufetto-orario-per-la-festa-del-papa\\\/\"},\"wordCount\":201,\"commentCount\":2,\"image\":{\"@id\":\"https:\\\/\\\/www.borgione.it\\\/blog\\\/gufetto-orario-per-la-festa-del-papa#primaryimage\"},\"thumbnailUrl\":\"https:\\\/\\\/borgione.kleecks-cdn.com\\\/blog\\\/wp-content\\\/uploads\\\/2015\\\/02\\\/gufetto-e1424686326670.jpg\",\"keywords\":[\"festa del pap\u00e0\",\"gufo\",\"idee festa del pap\u00e0\",\"lavoretti\"],\"articleSection\":[\"Creativit\u00e0\",\"Notizie\"],\"inLanguage\":\"it-IT\",\"potentialAction\":[{\"@type\":\"CommentAction\",\"name\":\"Comment\",\"target\":[\"https:\\\/\\\/www.borgione.it\\\/blog\\\/gufetto-orario-per-la-festa-del-papa#respond\"]}]},{\"@type\":\"WebPage\",\"@id\":\"https:\\\/\\\/www.borgione.it\\\/blog\\\/gufetto-orario-per-la-festa-del-papa\\\/\",\"url\":\"https:\\\/\\\/www.borgione.it\\\/blog\\\/gufetto-orario-per-la-festa-del-papa\\\/\",\"name\":\"Idee per la festa del pap\u00e0: il gufetto orario - Blog - Borgione Centro Didattico\",\"isPartOf\":{\"@id\":\"https:\\\/\\\/www.borgione.it\\\/blog\\\/#website\"},\"primaryImageOfPage\":{\"@id\":\"https:\\\/\\\/www.borgione.it\\\/blog\\\/gufetto-orario-per-la-festa-del-papa#primaryimage\"},\"image\":{\"@id\":\"https:\\\/\\\/www.borgione.it\\\/blog\\\/gufetto-orario-per-la-festa-del-papa#primaryimage\"},\"thumbnailUrl\":\"https:\\\/\\\/borgione.kleecks-cdn.com\\\/blog\\\/wp-content\\\/uploads\\\/2015\\\/02\\\/gufetto-e1424686326670.jpg\",\"datePublished\":\"2015-02-23T10:13:52+00:00\",\"dateModified\":\"2020-10-19T11:05:25+00:00\",\"author\":{\"@id\":\"https:\\\/\\\/www.borgione.it\\\/blog\\\/#\\\/schema\\\/person\\\/035ab9f79e06957439022325c63541eb\"},\"breadcrumb\":{\"@id\":\"https:\\\/\\\/www.borgione.it\\\/blog\\\/gufetto-orario-per-la-festa-del-papa#breadcrumb\"},\"inLanguage\":\"it-IT\",\"potentialAction\":[{\"@type\":\"ReadAction\",\"target\":[\"https:\\\/\\\/www.borgione.it\\\/blog\\\/gufetto-orario-per-la-festa-del-papa\\\/\"]}]},{\"@type\":\"ImageObject\",\"inLanguage\":\"it-IT\",\"@id\":\"https:\\\/\\\/www.borgione.it\\\/blog\\\/gufetto-orario-per-la-festa-del-papa#primaryimage\",\"url\":\"https:\\\/\\\/borgione.kleecks-cdn.com\\\/blog\\\/wp-content\\\/uploads\\\/2015\\\/02\\\/gufetto-e1424686326670.jpg\",\"contentUrl\":\"https:\\\/\\\/borgione.kleecks-cdn.com\\\/blog\\\/wp-content\\\/uploads\\\/2015\\\/02\\\/gufetto-e1424686326670.jpg\",\"width\":750,\"height\":827},{\"@type\":\"BreadcrumbList\",\"@id\":\"https:\\\/\\\/www.borgione.it\\\/blog\\\/gufetto-orario-per-la-festa-del-papa#breadcrumb\",\"itemListElement\":[{\"@type\":\"ListItem\",\"position\":1,\"name\":\"Home\",\"item\":\"https:\\\/\\\/www.borgione.it\\\/blog\\\/\"},{\"@type\":\"ListItem\",\"position\":2,\"name\":\"Idee per la festa del pap\u00e0: il gufetto orario\"}]},{\"@type\":\"WebSite\",\"@id\":\"https:\\\/\\\/www.borgione.it\\\/blog\\\/#website\",\"url\":\"https:\\\/\\\/www.borgione.it\\\/blog\\\/\",\"name\":\"Blog - Borgione Centro Didattico\",\"description\":\"\",\"potentialAction\":[{\"@type\":\"SearchAction\",\"target\":{\"@type\":\"EntryPoint\",\"urlTemplate\":\"https:\\\/\\\/www.borgione.it\\\/blog\\\/?s=%7Bsearch_term_string%7D\"},\"query-input\":{\"@type\":\"PropertyValueSpecification\",\"valueRequired\":true,\"valueName\":\"search_term_string\"}}],\"inLanguage\":\"it-IT\"},{\"@type\":\"Person\",\"@id\":\"https:\\\/\\\/www.borgione.it\\\/blog\\\/#\\\/schema\\\/person\\\/035ab9f79e06957439022325c63541eb\",\"name\":\"Redazione\",\"url\":\"https:\\\/\\\/www.borgione.it\\\/blog\\\/author\\\/admin\\\/\"}]}<\/script>\n<!-- \/ Yoast SEO plugin. -->","yoast_head_json":{"title":"Idee per la festa del pap\u00e0: il gufetto orario - Blog - Borgione Centro Didattico","robots":{"index":"index","follow":"follow","max-snippet":"max-snippet:-1","max-image-preview":"max-image-preview:large","max-video-preview":"max-video-preview:-1"},"canonical":"https:\/\/www.borgione.it\/blog\/gufetto-orario-per-la-festa-del-papa\/","og_locale":"it_IT","og_type":"article","og_title":"Idee per la festa del pap\u00e0: il gufetto orario - Blog - Borgione Centro Didattico","og_description":"Ciao! Oggi vogliamo spiegarvi come realizzare un disco orario a forma di gufetto per la Festa del Pap\u00e0. L&#8217;idea e le immagini sono tratte dal sito\u00a0http:\/\/countryowls.blogspot.it\/2014\/03\/gufetto-disco-orario.html Cosa ci serve? \u00a0Panno lenci in fogli Colla per feltro Cartoncino Fermacampioni Come si fa? \u00a0Realizziamo il corpo del gufetto con il panno lenci del colore che preferiamo. Creiamo [&hellip;]","og_url":"https:\/\/www.borgione.it\/blog\/gufetto-orario-per-la-festa-del-papa\/","og_site_name":"Blog - Borgione Centro Didattico","article_published_time":"2015-02-23T10:13:52+00:00","article_modified_time":"2020-10-19T11:05:25+00:00","og_image":[{"width":750,"height":827,"url":"https:\/\/borgione.kleecks-cdn.com\/blog\/wp-content\/uploads\/2015\/02\/gufetto-e1424686326670.jpg","type":"image\/jpeg"}],"author":"Redazione","twitter_card":"summary_large_image","twitter_misc":{"Written by":"Redazione","Est. reading time":"1 minuto"},"schema":{"@context":"https:\/\/schema.org","@graph":[{"@type":"Article","@id":"https:\/\/www.borgione.it\/blog\/gufetto-orario-per-la-festa-del-papa#article","isPartOf":{"@id":"https:\/\/www.borgione.it\/blog\/gufetto-orario-per-la-festa-del-papa\/"},"author":{"name":"Redazione","@id":"https:\/\/www.borgione.it\/blog\/#\/schema\/person\/035ab9f79e06957439022325c63541eb"},"headline":"Idee per la festa del pap\u00e0: il gufetto orario","datePublished":"2015-02-23T10:13:52+00:00","dateModified":"2020-10-19T11:05:25+00:00","mainEntityOfPage":{"@id":"https:\/\/www.borgione.it\/blog\/gufetto-orario-per-la-festa-del-papa\/"},"wordCount":201,"commentCount":2,"image":{"@id":"https:\/\/www.borgione.it\/blog\/gufetto-orario-per-la-festa-del-papa#primaryimage"},"thumbnailUrl":"https:\/\/borgione.kleecks-cdn.com\/blog\/wp-content\/uploads\/2015\/02\/gufetto-e1424686326670.jpg","keywords":["festa del pap\u00e0","gufo","idee festa del pap\u00e0","lavoretti"],"articleSection":["Creativit\u00e0","Notizie"],"inLanguage":"it-IT","potentialAction":[{"@type":"CommentAction","name":"Comment","target":["https:\/\/www.borgione.it\/blog\/gufetto-orario-per-la-festa-del-papa#respond"]}]},{"@type":"WebPage","@id":"https:\/\/www.borgione.it\/blog\/gufetto-orario-per-la-festa-del-papa\/","url":"https:\/\/www.borgione.it\/blog\/gufetto-orario-per-la-festa-del-papa\/","name":"Idee per la festa del pap\u00e0: il gufetto orario - Blog - Borgione Centro Didattico","isPartOf":{"@id":"https:\/\/www.borgione.it\/blog\/#website"},"primaryImageOfPage":{"@id":"https:\/\/www.borgione.it\/blog\/gufetto-orario-per-la-festa-del-papa#primaryimage"},"image":{"@id":"https:\/\/www.borgione.it\/blog\/gufetto-orario-per-la-festa-del-papa#primaryimage"},"thumbnailUrl":"https:\/\/borgione.kleecks-cdn.com\/blog\/wp-content\/uploads\/2015\/02\/gufetto-e1424686326670.jpg","datePublished":"2015-02-23T10:13:52+00:00","dateModified":"2020-10-19T11:05:25+00:00","author":{"@id":"https:\/\/www.borgione.it\/blog\/#\/schema\/person\/035ab9f79e06957439022325c63541eb"},"breadcrumb":{"@id":"https:\/\/www.borgione.it\/blog\/gufetto-orario-per-la-festa-del-papa#breadcrumb"},"inLanguage":"it-IT","potentialAction":[{"@type":"ReadAction","target":["https:\/\/www.borgione.it\/blog\/gufetto-orario-per-la-festa-del-papa\/"]}]},{"@type":"ImageObject","inLanguage":"it-IT","@id":"https:\/\/www.borgione.it\/blog\/gufetto-orario-per-la-festa-del-papa#primaryimage","url":"https:\/\/borgione.kleecks-cdn.com\/blog\/wp-content\/uploads\/2015\/02\/gufetto-e1424686326670.jpg","contentUrl":"https:\/\/borgione.kleecks-cdn.com\/blog\/wp-content\/uploads\/2015\/02\/gufetto-e1424686326670.jpg","width":750,"height":827},{"@type":"BreadcrumbList","@id":"https:\/\/www.borgione.it\/blog\/gufetto-orario-per-la-festa-del-papa#breadcrumb","itemListElement":[{"@type":"ListItem","position":1,"name":"Home","item":"https:\/\/www.borgione.it\/blog\/"},{"@type":"ListItem","position":2,"name":"Idee per la festa del pap\u00e0: il gufetto orario"}]},{"@type":"WebSite","@id":"https:\/\/www.borgione.it\/blog\/#website","url":"https:\/\/www.borgione.it\/blog\/","name":"Blog - Borgione Centro Didattico","description":"","potentialAction":[{"@type":"SearchAction","target":{"@type":"EntryPoint","urlTemplate":"https:\/\/www.borgione.it\/blog\/?s=%7Bsearch_term_string%7D"},"query-input":{"@type":"PropertyValueSpecification","valueRequired":true,"valueName":"search_term_string"}}],"inLanguage":"it-IT"},{"@type":"Person","@id":"https:\/\/www.borgione.it\/blog\/#\/schema\/person\/035ab9f79e06957439022325c63541eb","name":"Redazione","url":"https:\/\/www.borgione.it\/blog\/author\/admin\/"}]}},"_links":{"self":[{"href":"https:\/\/www.borgione.it\/blog\/wp-json\/wp\/v2\/posts\/423","targetHints":{"allow":["GET"]}}],"collection":[{"href":"https:\/\/www.borgione.it\/blog\/wp-json\/wp\/v2\/posts"}],"about":[{"href":"https:\/\/www.borgione.it\/blog\/wp-json\/wp\/v2\/types\/post"}],"author":[{"embeddable":true,"href":"https:\/\/www.borgione.it\/blog\/wp-json\/wp\/v2\/users\/2"}],"replies":[{"embeddable":true,"href":"https:\/\/www.borgione.it\/blog\/wp-json\/wp\/v2\/comments?post=423"}],"version-history":[{"count":8,"href":"https:\/\/www.borgione.it\/blog\/wp-json\/wp\/v2\/posts\/423\/revisions"}],"predecessor-version":[{"id":5130,"href":"https:\/\/www.borgione.it\/blog\/wp-json\/wp\/v2\/posts\/423\/revisions\/5130"}],"wp:featuredmedia":[{"embeddable":true,"href":"https:\/\/www.borgione.it\/blog\/wp-json\/wp\/v2\/media\/424"}],"wp:attachment":[{"href":"https:\/\/www.borgione.it\/blog\/wp-json\/wp\/v2\/media?parent=423"}],"wp:term":[{"taxonomy":"category","embeddable":true,"href":"https:\/\/www.borgione.it\/blog\/wp-json\/wp\/v2\/categories?post=423"},{"taxonomy":"post_tag","embeddable":true,"href":"https:\/\/www.borgione.it\/blog\/wp-json\/wp\/v2\/tags?post=423"}],"curies":[{"name":"wp","href":"https:\/\/api.w.org\/{rel}","templated":true}]}}