{"id":380,"date":"2014-12-03T15:00:34","date_gmt":"2014-12-03T14:00:34","guid":{"rendered":"https:\/\/www.borgione.it\/blog?p=380"},"modified":"2015-04-08T10:44:13","modified_gmt":"2015-04-08T08:44:13","slug":"che-cosa-pensa-dei-regali-un-papa-pedagogista-ovvero-piccola-riflessione-sul-natale","status":"publish","type":"post","link":"https:\/\/www.borgione.it\/blog\/che-cosa-pensa-dei-regali-un-papa-pedagogista-ovvero-piccola-riflessione-sul-natale\/","title":{"rendered":"Che cosa pensa dei regali un pap\u00e0 pedagogista?  Ovvero piccola riflessione sul Natale\u2026"},"content":{"rendered":"<p><em>di Roberto Polleri (pedagogista ANPE)<\/em><\/p>\n<p>Natale. Una ricorrenza sempre significativa che segna la fine di un anno e, volenti o nolenti, segna con forza il periodo invernale. Per alcuni \u00e8 una ricorrenza di valore e di fede, per altri un fastidioso rito consumistico; nonostante tutto la ritualit\u00e0 del Natale ci trova tutti, a vario titolo coinvolti. Non mi soffermer\u00f2 sulle celebrazioni, ma nemmeno su pranzi e cene e sulle teorie che li sottendono ma vorrei affrontare, a modo mio, l\u2019annosa questione dei regali legati a questa ricorrenza.<\/p>\n<p>Ad oltre duemila anni dal giorno in cui \u00e8 nata questa tradizione, che cosa possiamo regalare oggi a Natale? Non \u00e8 affatto una domanda semplice, soprattutto in un\u2019epoca di sovrabbondanza di offerta, dove si trova ogni tipo di oggetto e di servizio, dove a questa si contrappone un esponenziale livello di domanda, sempre pi\u00f9 avida di nuovi oggetti da possedere. E allora che cosa desidera oggi un bambino a Natale? Forse desidera quello che desidera ogni altro giorno dell\u2019anno, bombardato com\u2019\u00e8 dalla pubblicit\u00e0 sempre pi\u00f9 invadente e sempre pi\u00f9 votata a creare bisogni nuovi, talvolta vacui o inesistenti. E sarebbe troppo facile dire <em>\u201cregalate il vostro tempo e la vostra presenza\u201d<\/em>, tutti e due schiacciati dal frenetico affaccendamento di ogni giorno: questi non sono regali ma doveri quotidiani. E allora che cosa regaliamo quest\u2019anno a Natale? Vediamo di regalare qualcosa che faccia una significativa differenza, che aiuti i nostri bambini, ma non solo loro, a pensare, a ragionare e a utilizzare al massimo le enormi possibilit\u00e0 del dono che \u00e8 il nostro cervello, troppo spesso appiattite da una societ\u00e0 di massa che tende alla sempre maggiore omologazione, alla generalizzazione e soprattutto all\u2019appiattimento del pensiero. In questo senso ben vengano i giochi che favoriscono la relazione, il gruppo, lo scambio, realt\u00e0 ormai quasi desuete ai nostri giorni. Senza voler fare discorsi passatisti, i gruppi di giovani intenti a pigiare sui tasti o sugli schermi di altrettanti smartphone (che forse poi cos\u00ec \u201csmart\u201d non sono\u2026) in perfetto silenzio, mettono un po\u2019 di tristezza. Al contrario un gruppo di bambini che magari alza anche la voce attorno ad un tavolo mentre \u00e8 intento a terminare una partita di un gioco in scatola, suscita un&#8217;emozione di allegria.<\/p>\n<p>Detto ci\u00f2, lungi da me voler fare una crociata contro la tecnologia, tutt\u2019altro, essa ci aiuta e ci supporta ogni giorno facilitando le comunicazioni, gli scambi anche tra luoghi lontanissimi. Ma se ai nostri bambini doniamo un abbraccio, una carezza, un tavolo intorno al quale giocare insieme, delle sane risate, li faremo pi\u00f9 felici che non con uno smartphone ultima moda e la loro gioia sar\u00e0 per noi un impagabile regalo di Natale! E allora cogliamo l\u2019occasione di questa festa per riscoprire la bellezza di fare un regalo controcorrente, per rompere un po\u2019 gli schemi e creare un presente in totale controtendenza.<\/p>\n<p>Chiss\u00e0 che una bella partita ad un gioco di societ\u00e0 insieme a figli e nipoti, grandi e piccoli, magari proprio il giorno di Natale non possa favorire la scoperta di una socialit\u00e0 differente e certamente pi\u00f9 preziosa!<\/p>\n<p>E con questi piccoli pensieri, a tutti un Buon Natale, davvero\u2026<\/p>\n<p>&nbsp;<\/p>\n<p>&nbsp;<\/p>\n<p>&nbsp;<\/p>\n<p>Photo CC \u00a0<a class=\"owner-name truncate\" style=\"font-weight: 600; color: #212124;\" title=\"Vai al fotostream di Brittany Randolph\" href=\"https:\/\/www.flickr.com\/photos\/celinesphotographer\/\" data-track=\"attributionNameClick\" data-rapid_p=\"23\">Brittany Randolph<\/a><\/p>\n","protected":false},"excerpt":{"rendered":"<p>di Roberto Polleri (pedagogista ANPE) Natale. Una ricorrenza sempre significativa che segna la fine di un anno e, volenti o nolenti, segna con forza il periodo invernale. Per alcuni \u00e8 una ricorrenza di valore e di fede, per altri un fastidioso rito consumistico; nonostante tutto la ritualit\u00e0 del Natale ci trova tutti, a vario titolo [&hellip;]<\/p>\n","protected":false},"author":4,"featured_media":381,"comment_status":"open","ping_status":"open","sticky":false,"template":"","format":"standard","meta":{"_genesis_hide_title":false,"_genesis_hide_breadcrumbs":false,"_genesis_hide_singular_image":false,"_genesis_hide_footer_widgets":false,"_genesis_custom_body_class":"","_genesis_custom_post_class":"","_genesis_layout":"","footnotes":""},"categories":[7,9,1],"tags":[21,24,81,19,84],"class_list":{"0":"post-380","1":"post","2":"type-post","3":"status-publish","4":"format-standard","5":"has-post-thumbnail","7":"category-pedagogia","8":"category-gioco","9":"category-notizie","10":"tag-anpe","11":"tag-gioco-educativo","12":"tag-natale","13":"tag-pedagogia-2","14":"tag-regali-di-natale","15":"entry"},"yoast_head":"<!-- This site is optimized with the Yoast SEO plugin v27.4 - https:\/\/yoast.com\/product\/yoast-seo-wordpress\/ -->\n<title>Che cosa pensa dei regali un pap\u00e0 pedagogista? Ovvero piccola riflessione sul Natale\u2026 - Blog - Borgione Centro Didattico<\/title>\n<meta name=\"robots\" content=\"index, follow, max-snippet:-1, max-image-preview:large, max-video-preview:-1\" \/>\n<link rel=\"canonical\" href=\"https:\/\/www.borgione.it\/blog\/che-cosa-pensa-dei-regali-un-papa-pedagogista-ovvero-piccola-riflessione-sul-natale\/\" \/>\n<meta property=\"og:locale\" content=\"it_IT\" \/>\n<meta property=\"og:type\" content=\"article\" \/>\n<meta property=\"og:title\" content=\"Che cosa pensa dei regali un pap\u00e0 pedagogista? Ovvero piccola riflessione sul Natale\u2026 - Blog - Borgione Centro Didattico\" \/>\n<meta property=\"og:description\" content=\"di Roberto Polleri (pedagogista ANPE) Natale. Una ricorrenza sempre significativa che segna la fine di un anno e, volenti o nolenti, segna con forza il periodo invernale. Per alcuni \u00e8 una ricorrenza di valore e di fede, per altri un fastidioso rito consumistico; nonostante tutto la ritualit\u00e0 del Natale ci trova tutti, a vario titolo [&hellip;]\" \/>\n<meta property=\"og:url\" content=\"https:\/\/www.borgione.it\/blog\/che-cosa-pensa-dei-regali-un-papa-pedagogista-ovvero-piccola-riflessione-sul-natale\/\" \/>\n<meta property=\"og:site_name\" content=\"Blog - Borgione Centro Didattico\" \/>\n<meta property=\"article:published_time\" content=\"2014-12-03T14:00:34+00:00\" \/>\n<meta property=\"article:modified_time\" content=\"2015-04-08T08:44:13+00:00\" \/>\n<meta property=\"og:image\" content=\"https:\/\/borgione.kleecks-cdn.com\/blog\/wp-content\/uploads\/2014\/12\/2078958487_502b5bd61e_o.jpg\" \/>\n\t<meta property=\"og:image:width\" content=\"1800\" \/>\n\t<meta property=\"og:image:height\" content=\"1202\" \/>\n\t<meta property=\"og:image:type\" content=\"image\/jpeg\" \/>\n<meta name=\"author\" content=\"ANPE- Associazione Nazionale dei Pedagogisti Italiani\" \/>\n<meta name=\"twitter:card\" content=\"summary_large_image\" \/>\n<meta name=\"twitter:label1\" content=\"Written by\" \/>\n\t<meta name=\"twitter:data1\" content=\"ANPE- Associazione Nazionale dei Pedagogisti Italiani\" \/>\n\t<meta name=\"twitter:label2\" content=\"Est. reading time\" \/>\n\t<meta name=\"twitter:data2\" content=\"3 minuti\" \/>\n<script type=\"application\/ld+json\" class=\"yoast-schema-graph\">{\"@context\":\"https:\\\/\\\/schema.org\",\"@graph\":[{\"@type\":\"Article\",\"@id\":\"https:\\\/\\\/www.borgione.it\\\/blog\\\/che-cosa-pensa-dei-regali-un-papa-pedagogista-ovvero-piccola-riflessione-sul-natale#article\",\"isPartOf\":{\"@id\":\"https:\\\/\\\/www.borgione.it\\\/blog\\\/che-cosa-pensa-dei-regali-un-papa-pedagogista-ovvero-piccola-riflessione-sul-natale\\\/\"},\"author\":{\"name\":\"ANPE- Associazione Nazionale dei Pedagogisti Italiani\",\"@id\":\"https:\\\/\\\/www.borgione.it\\\/blog\\\/#\\\/schema\\\/person\\\/11c315b5bae91e570337949ce3566025\"},\"headline\":\"Che cosa pensa dei regali un pap\u00e0 pedagogista? Ovvero piccola riflessione sul Natale\u2026\",\"datePublished\":\"2014-12-03T14:00:34+00:00\",\"dateModified\":\"2015-04-08T08:44:13+00:00\",\"mainEntityOfPage\":{\"@id\":\"https:\\\/\\\/www.borgione.it\\\/blog\\\/che-cosa-pensa-dei-regali-un-papa-pedagogista-ovvero-piccola-riflessione-sul-natale\\\/\"},\"wordCount\":542,\"commentCount\":0,\"image\":{\"@id\":\"https:\\\/\\\/www.borgione.it\\\/blog\\\/che-cosa-pensa-dei-regali-un-papa-pedagogista-ovvero-piccola-riflessione-sul-natale#primaryimage\"},\"thumbnailUrl\":\"https:\\\/\\\/borgione.kleecks-cdn.com\\\/blog\\\/wp-content\\\/uploads\\\/2014\\\/12\\\/2078958487_502b5bd61e_o.jpg\",\"keywords\":[\"ANPE\",\"gioco educativo\",\"natale\",\"pedagogia\",\"regali di natale\"],\"articleSection\":[\"Angolo del Terapista\",\"Gioco\",\"Notizie\"],\"inLanguage\":\"it-IT\",\"potentialAction\":[{\"@type\":\"CommentAction\",\"name\":\"Comment\",\"target\":[\"https:\\\/\\\/www.borgione.it\\\/blog\\\/che-cosa-pensa-dei-regali-un-papa-pedagogista-ovvero-piccola-riflessione-sul-natale#respond\"]}]},{\"@type\":\"WebPage\",\"@id\":\"https:\\\/\\\/www.borgione.it\\\/blog\\\/che-cosa-pensa-dei-regali-un-papa-pedagogista-ovvero-piccola-riflessione-sul-natale\\\/\",\"url\":\"https:\\\/\\\/www.borgione.it\\\/blog\\\/che-cosa-pensa-dei-regali-un-papa-pedagogista-ovvero-piccola-riflessione-sul-natale\\\/\",\"name\":\"Che cosa pensa dei regali un pap\u00e0 pedagogista? Ovvero piccola riflessione sul Natale\u2026 - Blog - Borgione Centro Didattico\",\"isPartOf\":{\"@id\":\"https:\\\/\\\/www.borgione.it\\\/blog\\\/#website\"},\"primaryImageOfPage\":{\"@id\":\"https:\\\/\\\/www.borgione.it\\\/blog\\\/che-cosa-pensa-dei-regali-un-papa-pedagogista-ovvero-piccola-riflessione-sul-natale#primaryimage\"},\"image\":{\"@id\":\"https:\\\/\\\/www.borgione.it\\\/blog\\\/che-cosa-pensa-dei-regali-un-papa-pedagogista-ovvero-piccola-riflessione-sul-natale#primaryimage\"},\"thumbnailUrl\":\"https:\\\/\\\/borgione.kleecks-cdn.com\\\/blog\\\/wp-content\\\/uploads\\\/2014\\\/12\\\/2078958487_502b5bd61e_o.jpg\",\"datePublished\":\"2014-12-03T14:00:34+00:00\",\"dateModified\":\"2015-04-08T08:44:13+00:00\",\"author\":{\"@id\":\"https:\\\/\\\/www.borgione.it\\\/blog\\\/#\\\/schema\\\/person\\\/11c315b5bae91e570337949ce3566025\"},\"breadcrumb\":{\"@id\":\"https:\\\/\\\/www.borgione.it\\\/blog\\\/che-cosa-pensa-dei-regali-un-papa-pedagogista-ovvero-piccola-riflessione-sul-natale#breadcrumb\"},\"inLanguage\":\"it-IT\",\"potentialAction\":[{\"@type\":\"ReadAction\",\"target\":[\"https:\\\/\\\/www.borgione.it\\\/blog\\\/che-cosa-pensa-dei-regali-un-papa-pedagogista-ovvero-piccola-riflessione-sul-natale\\\/\"]}]},{\"@type\":\"ImageObject\",\"inLanguage\":\"it-IT\",\"@id\":\"https:\\\/\\\/www.borgione.it\\\/blog\\\/che-cosa-pensa-dei-regali-un-papa-pedagogista-ovvero-piccola-riflessione-sul-natale#primaryimage\",\"url\":\"https:\\\/\\\/borgione.kleecks-cdn.com\\\/blog\\\/wp-content\\\/uploads\\\/2014\\\/12\\\/2078958487_502b5bd61e_o.jpg\",\"contentUrl\":\"https:\\\/\\\/borgione.kleecks-cdn.com\\\/blog\\\/wp-content\\\/uploads\\\/2014\\\/12\\\/2078958487_502b5bd61e_o.jpg\",\"width\":1800,\"height\":1202},{\"@type\":\"BreadcrumbList\",\"@id\":\"https:\\\/\\\/www.borgione.it\\\/blog\\\/che-cosa-pensa-dei-regali-un-papa-pedagogista-ovvero-piccola-riflessione-sul-natale#breadcrumb\",\"itemListElement\":[{\"@type\":\"ListItem\",\"position\":1,\"name\":\"Home\",\"item\":\"https:\\\/\\\/www.borgione.it\\\/blog\\\/\"},{\"@type\":\"ListItem\",\"position\":2,\"name\":\"Che cosa pensa dei regali un pap\u00e0 pedagogista? Ovvero piccola riflessione sul Natale\u2026\"}]},{\"@type\":\"WebSite\",\"@id\":\"https:\\\/\\\/www.borgione.it\\\/blog\\\/#website\",\"url\":\"https:\\\/\\\/www.borgione.it\\\/blog\\\/\",\"name\":\"Blog - Borgione Centro Didattico\",\"description\":\"\",\"potentialAction\":[{\"@type\":\"SearchAction\",\"target\":{\"@type\":\"EntryPoint\",\"urlTemplate\":\"https:\\\/\\\/www.borgione.it\\\/blog\\\/?s=%7Bsearch_term_string%7D\"},\"query-input\":{\"@type\":\"PropertyValueSpecification\",\"valueRequired\":true,\"valueName\":\"search_term_string\"}}],\"inLanguage\":\"it-IT\"},{\"@type\":\"Person\",\"@id\":\"https:\\\/\\\/www.borgione.it\\\/blog\\\/#\\\/schema\\\/person\\\/11c315b5bae91e570337949ce3566025\",\"name\":\"ANPE- Associazione Nazionale dei Pedagogisti Italiani\",\"sameAs\":[\"http:\\\/\\\/www.anpe.it\\\/\"],\"url\":\"https:\\\/\\\/www.borgione.it\\\/blog\\\/author\\\/anpe-associazione-nazionale-dei-pedagogisti-italia\\\/\"}]}<\/script>\n<!-- \/ Yoast SEO plugin. -->","yoast_head_json":{"title":"Che cosa pensa dei regali un pap\u00e0 pedagogista? Ovvero piccola riflessione sul Natale\u2026 - Blog - Borgione Centro Didattico","robots":{"index":"index","follow":"follow","max-snippet":"max-snippet:-1","max-image-preview":"max-image-preview:large","max-video-preview":"max-video-preview:-1"},"canonical":"https:\/\/www.borgione.it\/blog\/che-cosa-pensa-dei-regali-un-papa-pedagogista-ovvero-piccola-riflessione-sul-natale\/","og_locale":"it_IT","og_type":"article","og_title":"Che cosa pensa dei regali un pap\u00e0 pedagogista? Ovvero piccola riflessione sul Natale\u2026 - Blog - Borgione Centro Didattico","og_description":"di Roberto Polleri (pedagogista ANPE) Natale. Una ricorrenza sempre significativa che segna la fine di un anno e, volenti o nolenti, segna con forza il periodo invernale. Per alcuni \u00e8 una ricorrenza di valore e di fede, per altri un fastidioso rito consumistico; nonostante tutto la ritualit\u00e0 del Natale ci trova tutti, a vario titolo [&hellip;]","og_url":"https:\/\/www.borgione.it\/blog\/che-cosa-pensa-dei-regali-un-papa-pedagogista-ovvero-piccola-riflessione-sul-natale\/","og_site_name":"Blog - Borgione Centro Didattico","article_published_time":"2014-12-03T14:00:34+00:00","article_modified_time":"2015-04-08T08:44:13+00:00","og_image":[{"width":1800,"height":1202,"url":"https:\/\/borgione.kleecks-cdn.com\/blog\/wp-content\/uploads\/2014\/12\/2078958487_502b5bd61e_o.jpg","type":"image\/jpeg"}],"author":"ANPE- Associazione Nazionale dei Pedagogisti Italiani","twitter_card":"summary_large_image","twitter_misc":{"Written by":"ANPE- Associazione Nazionale dei Pedagogisti Italiani","Est. reading time":"3 minuti"},"schema":{"@context":"https:\/\/schema.org","@graph":[{"@type":"Article","@id":"https:\/\/www.borgione.it\/blog\/che-cosa-pensa-dei-regali-un-papa-pedagogista-ovvero-piccola-riflessione-sul-natale#article","isPartOf":{"@id":"https:\/\/www.borgione.it\/blog\/che-cosa-pensa-dei-regali-un-papa-pedagogista-ovvero-piccola-riflessione-sul-natale\/"},"author":{"name":"ANPE- Associazione Nazionale dei Pedagogisti Italiani","@id":"https:\/\/www.borgione.it\/blog\/#\/schema\/person\/11c315b5bae91e570337949ce3566025"},"headline":"Che cosa pensa dei regali un pap\u00e0 pedagogista? Ovvero piccola riflessione sul Natale\u2026","datePublished":"2014-12-03T14:00:34+00:00","dateModified":"2015-04-08T08:44:13+00:00","mainEntityOfPage":{"@id":"https:\/\/www.borgione.it\/blog\/che-cosa-pensa-dei-regali-un-papa-pedagogista-ovvero-piccola-riflessione-sul-natale\/"},"wordCount":542,"commentCount":0,"image":{"@id":"https:\/\/www.borgione.it\/blog\/che-cosa-pensa-dei-regali-un-papa-pedagogista-ovvero-piccola-riflessione-sul-natale#primaryimage"},"thumbnailUrl":"https:\/\/borgione.kleecks-cdn.com\/blog\/wp-content\/uploads\/2014\/12\/2078958487_502b5bd61e_o.jpg","keywords":["ANPE","gioco educativo","natale","pedagogia","regali di natale"],"articleSection":["Angolo del Terapista","Gioco","Notizie"],"inLanguage":"it-IT","potentialAction":[{"@type":"CommentAction","name":"Comment","target":["https:\/\/www.borgione.it\/blog\/che-cosa-pensa-dei-regali-un-papa-pedagogista-ovvero-piccola-riflessione-sul-natale#respond"]}]},{"@type":"WebPage","@id":"https:\/\/www.borgione.it\/blog\/che-cosa-pensa-dei-regali-un-papa-pedagogista-ovvero-piccola-riflessione-sul-natale\/","url":"https:\/\/www.borgione.it\/blog\/che-cosa-pensa-dei-regali-un-papa-pedagogista-ovvero-piccola-riflessione-sul-natale\/","name":"Che cosa pensa dei regali un pap\u00e0 pedagogista? Ovvero piccola riflessione sul Natale\u2026 - Blog - Borgione Centro Didattico","isPartOf":{"@id":"https:\/\/www.borgione.it\/blog\/#website"},"primaryImageOfPage":{"@id":"https:\/\/www.borgione.it\/blog\/che-cosa-pensa-dei-regali-un-papa-pedagogista-ovvero-piccola-riflessione-sul-natale#primaryimage"},"image":{"@id":"https:\/\/www.borgione.it\/blog\/che-cosa-pensa-dei-regali-un-papa-pedagogista-ovvero-piccola-riflessione-sul-natale#primaryimage"},"thumbnailUrl":"https:\/\/borgione.kleecks-cdn.com\/blog\/wp-content\/uploads\/2014\/12\/2078958487_502b5bd61e_o.jpg","datePublished":"2014-12-03T14:00:34+00:00","dateModified":"2015-04-08T08:44:13+00:00","author":{"@id":"https:\/\/www.borgione.it\/blog\/#\/schema\/person\/11c315b5bae91e570337949ce3566025"},"breadcrumb":{"@id":"https:\/\/www.borgione.it\/blog\/che-cosa-pensa-dei-regali-un-papa-pedagogista-ovvero-piccola-riflessione-sul-natale#breadcrumb"},"inLanguage":"it-IT","potentialAction":[{"@type":"ReadAction","target":["https:\/\/www.borgione.it\/blog\/che-cosa-pensa-dei-regali-un-papa-pedagogista-ovvero-piccola-riflessione-sul-natale\/"]}]},{"@type":"ImageObject","inLanguage":"it-IT","@id":"https:\/\/www.borgione.it\/blog\/che-cosa-pensa-dei-regali-un-papa-pedagogista-ovvero-piccola-riflessione-sul-natale#primaryimage","url":"https:\/\/borgione.kleecks-cdn.com\/blog\/wp-content\/uploads\/2014\/12\/2078958487_502b5bd61e_o.jpg","contentUrl":"https:\/\/borgione.kleecks-cdn.com\/blog\/wp-content\/uploads\/2014\/12\/2078958487_502b5bd61e_o.jpg","width":1800,"height":1202},{"@type":"BreadcrumbList","@id":"https:\/\/www.borgione.it\/blog\/che-cosa-pensa-dei-regali-un-papa-pedagogista-ovvero-piccola-riflessione-sul-natale#breadcrumb","itemListElement":[{"@type":"ListItem","position":1,"name":"Home","item":"https:\/\/www.borgione.it\/blog\/"},{"@type":"ListItem","position":2,"name":"Che cosa pensa dei regali un pap\u00e0 pedagogista? Ovvero piccola riflessione sul Natale\u2026"}]},{"@type":"WebSite","@id":"https:\/\/www.borgione.it\/blog\/#website","url":"https:\/\/www.borgione.it\/blog\/","name":"Blog - Borgione Centro Didattico","description":"","potentialAction":[{"@type":"SearchAction","target":{"@type":"EntryPoint","urlTemplate":"https:\/\/www.borgione.it\/blog\/?s=%7Bsearch_term_string%7D"},"query-input":{"@type":"PropertyValueSpecification","valueRequired":true,"valueName":"search_term_string"}}],"inLanguage":"it-IT"},{"@type":"Person","@id":"https:\/\/www.borgione.it\/blog\/#\/schema\/person\/11c315b5bae91e570337949ce3566025","name":"ANPE- Associazione Nazionale dei Pedagogisti Italiani","sameAs":["http:\/\/www.anpe.it\/"],"url":"https:\/\/www.borgione.it\/blog\/author\/anpe-associazione-nazionale-dei-pedagogisti-italia\/"}]}},"_links":{"self":[{"href":"https:\/\/www.borgione.it\/blog\/wp-json\/wp\/v2\/posts\/380","targetHints":{"allow":["GET"]}}],"collection":[{"href":"https:\/\/www.borgione.it\/blog\/wp-json\/wp\/v2\/posts"}],"about":[{"href":"https:\/\/www.borgione.it\/blog\/wp-json\/wp\/v2\/types\/post"}],"author":[{"embeddable":true,"href":"https:\/\/www.borgione.it\/blog\/wp-json\/wp\/v2\/users\/4"}],"replies":[{"embeddable":true,"href":"https:\/\/www.borgione.it\/blog\/wp-json\/wp\/v2\/comments?post=380"}],"version-history":[{"count":1,"href":"https:\/\/www.borgione.it\/blog\/wp-json\/wp\/v2\/posts\/380\/revisions"}],"predecessor-version":[{"id":382,"href":"https:\/\/www.borgione.it\/blog\/wp-json\/wp\/v2\/posts\/380\/revisions\/382"}],"wp:featuredmedia":[{"embeddable":true,"href":"https:\/\/www.borgione.it\/blog\/wp-json\/wp\/v2\/media\/381"}],"wp:attachment":[{"href":"https:\/\/www.borgione.it\/blog\/wp-json\/wp\/v2\/media?parent=380"}],"wp:term":[{"taxonomy":"category","embeddable":true,"href":"https:\/\/www.borgione.it\/blog\/wp-json\/wp\/v2\/categories?post=380"},{"taxonomy":"post_tag","embeddable":true,"href":"https:\/\/www.borgione.it\/blog\/wp-json\/wp\/v2\/tags?post=380"}],"curies":[{"name":"wp","href":"https:\/\/api.w.org\/{rel}","templated":true}]}}