{"id":3055,"date":"2019-02-07T17:00:12","date_gmt":"2019-02-07T16:00:12","guid":{"rendered":"https:\/\/www.borgione.it\/blog?p=3055"},"modified":"2021-11-04T09:22:06","modified_gmt":"2021-11-04T08:22:06","slug":"guida-maternita-facoltativa","status":"publish","type":"post","link":"https:\/\/www.borgione.it\/blog\/guida-maternita-facoltativa\/","title":{"rendered":"Maternit\u00e0 facoltativa: come funziona?"},"content":{"rendered":"<p>La maternit\u00e0 facoltativa o congedo parentale, \u00e8 un periodo di astensione dal lavoro che spetta a determinate categorie di lavoratori, sia madri sia padri. Vediamo come funziona.<\/p>\n<p>&nbsp;<\/p>\n<p><strong>Maternit\u00e0 facoltativa: cos&#8217;\u00e8 e a chi spetta<\/strong><\/p>\n<p>Il congedo parentale \u00e8 un periodo di astensione facoltativa dal lavoro, che varia a seconda del lavoratore che ne fruisce come vedremo in seguito, legato alla nascita o all&#8217;ingresso in famiglia di un figlio.<\/p>\n<p>Ne hanno diritto diverse categorie di lavoratori, madri e padri:<\/p>\n<ul>\n<li>lavoratori dipendenti (madri e padri) che abbiano un contratto di lavoro in essere al momento della domanda;<\/li>\n<li>lavoratori agricoli (madri e padri) a determinate condizioni;<\/li>\n<li>lavoratori iscritti alla gestione separata (madri e padri), sia collaboratori che professionisti;<\/li>\n<li>lavoratrici autonome.<\/li>\n<\/ul>\n<p>L&#8217;INPS ricorda che:<\/p>\n<p><em>&#8220;Il congedo parentale non spetta ai genitori disoccupati o sospesi, ai genitori lavoratori domestici, ai genitori lavoratori a domicilio. Nel caso in cui il rapporto di lavoro in atto cessi all\u2019inizio o durante il periodo di fruizione del congedo, il diritto al congedo stesso viene meno dal momento in cui \u00e8 cessato il rapporto di lavoro.&#8221;<\/em><\/p>\n<p>&nbsp;<\/p>\n<p><strong>Durata della maternit\u00e0 facoltativa<\/strong><\/p>\n<p>Come detto il congedo parentale ha una durata diversa a seconda delle categorie di lavoratori coinvolti:<\/p>\n<ul>\n<li>alla madre lavoratrice dipendente, per un massimo di 6 mesi, continuativi o frazionati come vedremo in seguito, da fruire entro i 12 anni di et\u00e0 del bambino;<\/li>\n<li>al padre lavoratore dipendente, per un massimo di 6 mesi, che sale a 7, dalla nascita del figlio, se si astiene dal lavoro per un periodo di almeno 3 mesi, da fruire entro i 12 anni di et\u00e0 del bambino;<\/li>\n<li>cumulativamente l&#8217;astensione dei genitori dipendenti non deve superare i 10 mesi, al massimo 11 se il padre si astiene dal lavoro per un periodo di almeno 3 mesi, da fruire entro i 12 anni di et\u00e0 del bambino;<\/li>\n<li>al padre lavoratore dipendente, anche durante la maternit\u00e0 obbligatoria della partner (a partner dal giorno successivo al parto), e anche se la stessa non lavora, da fruire entro i 12 anni di et\u00e0 del bambino;<\/li>\n<li>al genitore dipendente solo (padre o madre il cui partner sia deceduto oppure che abbia ottenuto l\u2019affidamento esclusivo del minore), per un massimo di 10 mesi, da fruire entro i 12 anni di et\u00e0 del bambino;<\/li>\n<li>agli iscritti alla gestione separata, non iscritti ad altre forme di previdenza obbligatoria e non pensionati, spetta un congedo massimo di 3 mesi entro il primo anno di vita del bambino;<\/li>\n<li>alle lavoratrici autonome (artigiane e commercianti) spetta un congedo massimo di 3 mesi entro il primo anno di vita del bambino.<\/li>\n<\/ul>\n<p>&nbsp;<\/p>\n<p><strong>Qual \u00e8 lo stipendio in maternit\u00e0 facoltativa?<\/strong><\/p>\n<p>Partiamo dai lavoratori dipendenti:<\/p>\n<ul>\n<li>entro i primi 6 anni di vita del bambino, i periodi di congedo vengono remunerati con un importo pari al 30% della retribuzione media giornaliera calcolata considerando la retribuzione del mese precedente l\u2019inizio del periodo indennizzabile;<\/li>\n<li>tra i 6 anni e gli 8 anni, il congedo verr\u00e0 retribuito al 30% solo se il reddito individuale del genitore richiedente risulti inferiore a 2,5 volte l&#8217;importo annuo del trattamento minimo di pensione (altrimenti non si percepir\u00e0 alcunch\u00e9 ma si avr\u00e0 ancora diritto al periodo di congedo non ancora fruito;<\/li>\n<li>dagli 8 ai 12 anni di et\u00e0 del bambino il congedo non \u00e8 mai indennizzato;<\/li>\n<li>se il periodo di congedo disponibile non viene utilizzato entro i 12 anni del bambino, andr\u00e0 perso.<\/li>\n<\/ul>\n<p>Passiamo agli iscritti alla gestione separata e alle lavoratrici autonome:<\/p>\n<ul>\n<li>per gli iscritti alla gestione separata l\u2019indennit\u00e0 \u00e8 calcolata, per ogni giorno di congedo, in misura pari al 30% di 1\/365 del reddito derivante da attivit\u00e0 di lavoro a progetto o assimilata, percepito negli stessi dodici mesi presi a riferimento per verificare il diritto al congedo stesso;<\/li>\n<li>per le lavoratrici autonome l\u2019indennit\u00e0 corrisposta \u00e8 pari al 30% della retribuzione convenzionale prevista per l\u2019anno di inizio del congedo stesso.<\/li>\n<\/ul>\n<p>&nbsp;<\/p>\n<p><strong>Come fare domanda di congedo parentale<\/strong><\/p>\n<p>La domanda di congedo parentale va presentata all&#8217;INPS mediante una delle seguenti modalit\u00e0:<\/p>\n<ul>\n<li>online con i servizi telematici a cui si pu\u00f2 accedere tramite PIN dispositivo sul portale INPS (www.inps.it &#8211; Servizi on line);<\/li>\n<li>mediante Contact Center integrato al numero 803164 gratuito da rete fissa o al numero 06164164 da rete mobile a pagamento secondo la tariffa del proprio gestore telefonico;<\/li>\n<li>mediante patronati.<\/li>\n<\/ul>\n<p>La domanda deve essere inviata prima dell&#8217;inizio del congedo richiesto, poich\u00e9 nel caso in cui venga presentata successivamente verranno retribuiti soltanto i giorni successivi alla trasmissione della domanda stessa.<\/p>\n<p>Nel caso dei dipendenti l&#8217;indennit\u00e0 viene anticipata dai datori di lavoro, mentre per gli iscritti alla gestione separata e per le lavoratrici autonome l&#8217;assegno viene versato dall&#8217;INPS.<\/p>\n<p>&nbsp;<\/p>\n<p><strong>Come fare domanda di congedo parentale su base oraria<\/strong><\/p>\n<p>Il congedo parentale pu\u00f2 essere fruito anche su base oraria. \u00c8 possibile dunque richiedere soltanto alcune ore di congedo nella giornata lavorativa, nel caso non si abbia bisogno di molto tempo (si pensi a visite mediche o attivit\u00e0 scolastiche del piccolo cui devono partecipare i genitori).<\/p>\n<p>La domanda di congedo parentale su base oraria deve essere presentata all\u2019INPS attraverso i medesimi canali indicati nel paragrafi precedenti, ma bisogna compilare una domanda dedicata.<\/p>\n<p>L&#8217;INPS ha precisato che la maternit\u00e0 facoltativa su base oraria pu\u00f2 essere fruita al massimo per mezza giornata lavorativa (ad esempio 4 su 8 ore), nel caso in cui siano necessarie pi\u00f9 ore occorre chiedere l&#8217;intera giornata di congedo.<\/p>\n<p>&nbsp;<\/p>\n<p><strong>Maternit\u00e0 facoltativa e lavoro part-time<\/strong><\/p>\n<p>Per le mamme che desiderano rientrare gradualmente al lavoro, c&#8217;\u00e8 un&#8217;opportunit\u00e0 legata alla maternit\u00e0 facoltativa.<\/p>\n<p>Le mamme infatti possono decidere di rinunciare ai sei mesi di congedo parentale per rientrare al lavoro ma part-time, in modo da poter rientrare al lavoro dedicando comunque parte della giornata al piccolo.<\/p>\n<p>&nbsp;<\/p>\n<p><strong>Adozione e maternit\u00e0 facoltativa<\/strong><\/p>\n<p>Tutto quanto esposto in precedenza vale anche in caso di adozione, ma il periodo di congedo decorre a partire dal giorno di ingresso del minore in famiglia:<\/p>\n<ul>\n<li>indipendentemente dall&#8217;et\u00e0 del bambino;<\/li>\n<li>entro il dodicesimo anno dall&#8217;ingresso del piccolo in famiglia (entro il primo per gestione separa e autonome);<\/li>\n<li>non oltre la maggiore et\u00e0 del figlio.<\/li>\n<\/ul>\n<div id=\"attachment_3044\" style=\"width: 160px\" class=\"wp-caption alignleft\"><a href=\"https:\/\/borgione.kleecks-cdn.com\/blog\/wp-content\/uploads\/2019\/01\/profilo.jpg\"><img decoding=\"async\" aria-describedby=\"caption-attachment-3044\" class=\"size-thumbnail wp-image-3044\" src=\"https:\/\/borgione.kleecks-cdn.com\/blog\/wp-content\/uploads\/2019\/01\/profilo-150x150.jpg\" alt=\"Michela Calculli\" width=\"150\" height=\"150\" srcset=\"https:\/\/www.borgione.it\/blog\/wp-content\/uploads\/2019\/01\/profilo-150x150.jpg%20150w,%20https:\/blog.borgione.it\/wp-content\/uploads\/2019\/01\/profilo-298x300.jpg%20298w,%20https:\/blog.borgione.it\/wp-content\/uploads\/2019\/01\/profilo-60x60.jpg%2060w,%20https:\/blog.borgione.it\/wp-content\/uploads\/2019\/01\/profilo.jpg%20953w\" sizes=\"(max-width: 150px) 100vw, 150px\" \/><\/a><p id=\"caption-attachment-3044\" class=\"wp-caption-text\">Michela Calculli<\/p><\/div>\n<p>&nbsp;<\/p>\n<p>&nbsp;<\/p>\n<p>&nbsp;<\/p>\n<p>&nbsp;<\/p>\n<p>&nbsp;<\/p>\n<p>&nbsp;<\/p>\n<p>&nbsp;<\/p>\n<p>Una laurea in Economia, tante esperienze di lavoro tra TV e studi professionali. Da quasi un decennio si occupa di creazione e pianificazione di contenuti per il web.<\/p>\n","protected":false},"excerpt":{"rendered":"<p>La maternit\u00e0 facoltativa o congedo parentale, \u00e8 un periodo di astensione dal lavoro che spetta a determinate categorie di lavoratori, sia madri sia padri. Vediamo come funziona. &nbsp; Maternit\u00e0 facoltativa: cos&#8217;\u00e8 e a chi spetta Il congedo parentale \u00e8 un periodo di astensione facoltativa dal lavoro, che varia a seconda del lavoratore che ne fruisce [&hellip;]<\/p>\n","protected":false},"author":8,"featured_media":3059,"comment_status":"open","ping_status":"open","sticky":false,"template":"","format":"standard","meta":{"_genesis_hide_title":false,"_genesis_hide_breadcrumbs":false,"_genesis_hide_singular_image":false,"_genesis_hide_footer_widgets":false,"_genesis_custom_body_class":"","_genesis_custom_post_class":"","_genesis_layout":"","footnotes":""},"categories":[1,451],"tags":[],"class_list":{"0":"post-3055","1":"post","2":"type-post","3":"status-publish","4":"format-standard","5":"has-post-thumbnail","7":"category-notizie","8":"category-sviluppo-crescita","9":"entry"},"yoast_head":"<!-- This site is optimized with the Yoast SEO plugin v27.4 - https:\/\/yoast.com\/product\/yoast-seo-wordpress\/ -->\n<title>Maternit\u00e0 facoltativa: come funziona? - Blog - Borgione Centro Didattico<\/title>\n<meta name=\"robots\" content=\"index, follow, max-snippet:-1, max-image-preview:large, max-video-preview:-1\" \/>\n<link rel=\"canonical\" href=\"https:\/\/www.borgione.it\/blog\/guida-maternita-facoltativa\/\" \/>\n<meta property=\"og:locale\" content=\"it_IT\" \/>\n<meta property=\"og:type\" content=\"article\" \/>\n<meta property=\"og:title\" content=\"Maternit\u00e0 facoltativa: come funziona? - Blog - Borgione Centro Didattico\" \/>\n<meta property=\"og:description\" content=\"La maternit\u00e0 facoltativa o congedo parentale, \u00e8 un periodo di astensione dal lavoro che spetta a determinate categorie di lavoratori, sia madri sia padri. Vediamo come funziona. &nbsp; Maternit\u00e0 facoltativa: cos&#8217;\u00e8 e a chi spetta Il congedo parentale \u00e8 un periodo di astensione facoltativa dal lavoro, che varia a seconda del lavoratore che ne fruisce [&hellip;]\" \/>\n<meta property=\"og:url\" content=\"https:\/\/www.borgione.it\/blog\/guida-maternita-facoltativa\/\" \/>\n<meta property=\"og:site_name\" content=\"Blog - Borgione Centro Didattico\" \/>\n<meta property=\"article:published_time\" content=\"2019-02-07T16:00:12+00:00\" \/>\n<meta property=\"article:modified_time\" content=\"2021-11-04T08:22:06+00:00\" \/>\n<meta property=\"og:image\" content=\"https:\/\/borgione.kleecks-cdn.com\/blog\/wp-content\/uploads\/2019\/02\/maternitafacoltativa.jpg\" \/>\n\t<meta property=\"og:image:width\" content=\"1000\" \/>\n\t<meta property=\"og:image:height\" content=\"628\" \/>\n\t<meta property=\"og:image:type\" content=\"image\/jpeg\" \/>\n<meta name=\"author\" content=\"Michela Calculli\" \/>\n<meta name=\"twitter:card\" content=\"summary_large_image\" \/>\n<meta name=\"twitter:label1\" content=\"Written by\" \/>\n\t<meta name=\"twitter:data1\" content=\"Michela Calculli\" \/>\n\t<meta name=\"twitter:label2\" content=\"Est. reading time\" \/>\n\t<meta name=\"twitter:data2\" content=\"5 minuti\" \/>\n<script type=\"application\/ld+json\" class=\"yoast-schema-graph\">{\"@context\":\"https:\\\/\\\/schema.org\",\"@graph\":[{\"@type\":\"Article\",\"@id\":\"https:\\\/\\\/www.borgione.it\\\/blog\\\/guida-maternita-facoltativa#article\",\"isPartOf\":{\"@id\":\"https:\\\/\\\/www.borgione.it\\\/blog\\\/guida-maternita-facoltativa\\\/\"},\"author\":{\"name\":\"Michela Calculli\",\"@id\":\"https:\\\/\\\/www.borgione.it\\\/blog\\\/#\\\/schema\\\/person\\\/9aeaed96076b386bcc2570e0d0b7dc7c\"},\"headline\":\"Maternit\u00e0 facoltativa: come funziona?\",\"datePublished\":\"2019-02-07T16:00:12+00:00\",\"dateModified\":\"2021-11-04T08:22:06+00:00\",\"mainEntityOfPage\":{\"@id\":\"https:\\\/\\\/www.borgione.it\\\/blog\\\/guida-maternita-facoltativa\\\/\"},\"wordCount\":1014,\"commentCount\":0,\"image\":{\"@id\":\"https:\\\/\\\/www.borgione.it\\\/blog\\\/guida-maternita-facoltativa#primaryimage\"},\"thumbnailUrl\":\"https:\\\/\\\/borgione.kleecks-cdn.com\\\/blog\\\/wp-content\\\/uploads\\\/2019\\\/02\\\/maternitafacoltativa.jpg\",\"articleSection\":[\"Notizie\",\"Sviluppo e Crescita\"],\"inLanguage\":\"it-IT\",\"potentialAction\":[{\"@type\":\"CommentAction\",\"name\":\"Comment\",\"target\":[\"https:\\\/\\\/www.borgione.it\\\/blog\\\/guida-maternita-facoltativa#respond\"]}]},{\"@type\":\"WebPage\",\"@id\":\"https:\\\/\\\/www.borgione.it\\\/blog\\\/guida-maternita-facoltativa\\\/\",\"url\":\"https:\\\/\\\/www.borgione.it\\\/blog\\\/guida-maternita-facoltativa\\\/\",\"name\":\"Maternit\u00e0 facoltativa: come funziona? - Blog - Borgione Centro Didattico\",\"isPartOf\":{\"@id\":\"https:\\\/\\\/www.borgione.it\\\/blog\\\/#website\"},\"primaryImageOfPage\":{\"@id\":\"https:\\\/\\\/www.borgione.it\\\/blog\\\/guida-maternita-facoltativa#primaryimage\"},\"image\":{\"@id\":\"https:\\\/\\\/www.borgione.it\\\/blog\\\/guida-maternita-facoltativa#primaryimage\"},\"thumbnailUrl\":\"https:\\\/\\\/borgione.kleecks-cdn.com\\\/blog\\\/wp-content\\\/uploads\\\/2019\\\/02\\\/maternitafacoltativa.jpg\",\"datePublished\":\"2019-02-07T16:00:12+00:00\",\"dateModified\":\"2021-11-04T08:22:06+00:00\",\"author\":{\"@id\":\"https:\\\/\\\/www.borgione.it\\\/blog\\\/#\\\/schema\\\/person\\\/9aeaed96076b386bcc2570e0d0b7dc7c\"},\"breadcrumb\":{\"@id\":\"https:\\\/\\\/www.borgione.it\\\/blog\\\/guida-maternita-facoltativa#breadcrumb\"},\"inLanguage\":\"it-IT\",\"potentialAction\":[{\"@type\":\"ReadAction\",\"target\":[\"https:\\\/\\\/www.borgione.it\\\/blog\\\/guida-maternita-facoltativa\\\/\"]}]},{\"@type\":\"ImageObject\",\"inLanguage\":\"it-IT\",\"@id\":\"https:\\\/\\\/www.borgione.it\\\/blog\\\/guida-maternita-facoltativa#primaryimage\",\"url\":\"https:\\\/\\\/borgione.kleecks-cdn.com\\\/blog\\\/wp-content\\\/uploads\\\/2019\\\/02\\\/maternitafacoltativa.jpg\",\"contentUrl\":\"https:\\\/\\\/borgione.kleecks-cdn.com\\\/blog\\\/wp-content\\\/uploads\\\/2019\\\/02\\\/maternitafacoltativa.jpg\",\"width\":1000,\"height\":628},{\"@type\":\"BreadcrumbList\",\"@id\":\"https:\\\/\\\/www.borgione.it\\\/blog\\\/guida-maternita-facoltativa#breadcrumb\",\"itemListElement\":[{\"@type\":\"ListItem\",\"position\":1,\"name\":\"Home\",\"item\":\"https:\\\/\\\/www.borgione.it\\\/blog\\\/\"},{\"@type\":\"ListItem\",\"position\":2,\"name\":\"Maternit\u00e0 facoltativa: come funziona?\"}]},{\"@type\":\"WebSite\",\"@id\":\"https:\\\/\\\/www.borgione.it\\\/blog\\\/#website\",\"url\":\"https:\\\/\\\/www.borgione.it\\\/blog\\\/\",\"name\":\"Blog - Borgione Centro Didattico\",\"description\":\"\",\"potentialAction\":[{\"@type\":\"SearchAction\",\"target\":{\"@type\":\"EntryPoint\",\"urlTemplate\":\"https:\\\/\\\/www.borgione.it\\\/blog\\\/?s=%7Bsearch_term_string%7D\"},\"query-input\":{\"@type\":\"PropertyValueSpecification\",\"valueRequired\":true,\"valueName\":\"search_term_string\"}}],\"inLanguage\":\"it-IT\"},{\"@type\":\"Person\",\"@id\":\"https:\\\/\\\/www.borgione.it\\\/blog\\\/#\\\/schema\\\/person\\\/9aeaed96076b386bcc2570e0d0b7dc7c\",\"name\":\"Michela Calculli\",\"description\":\"Una laurea in Economia, tante esperienze di lavoro tra ICT, Fisco e Comunicazione. Da oltre 10 anni si occupa di creazione e pianificazione di contenuti professionali scritti per il web.\",\"url\":\"https:\\\/\\\/www.borgione.it\\\/blog\\\/author\\\/michela-calculli\\\/\"}]}<\/script>\n<!-- \/ Yoast SEO plugin. -->","yoast_head_json":{"title":"Maternit\u00e0 facoltativa: come funziona? - Blog - Borgione Centro Didattico","robots":{"index":"index","follow":"follow","max-snippet":"max-snippet:-1","max-image-preview":"max-image-preview:large","max-video-preview":"max-video-preview:-1"},"canonical":"https:\/\/www.borgione.it\/blog\/guida-maternita-facoltativa\/","og_locale":"it_IT","og_type":"article","og_title":"Maternit\u00e0 facoltativa: come funziona? - Blog - Borgione Centro Didattico","og_description":"La maternit\u00e0 facoltativa o congedo parentale, \u00e8 un periodo di astensione dal lavoro che spetta a determinate categorie di lavoratori, sia madri sia padri. Vediamo come funziona. &nbsp; Maternit\u00e0 facoltativa: cos&#8217;\u00e8 e a chi spetta Il congedo parentale \u00e8 un periodo di astensione facoltativa dal lavoro, che varia a seconda del lavoratore che ne fruisce [&hellip;]","og_url":"https:\/\/www.borgione.it\/blog\/guida-maternita-facoltativa\/","og_site_name":"Blog - Borgione Centro Didattico","article_published_time":"2019-02-07T16:00:12+00:00","article_modified_time":"2021-11-04T08:22:06+00:00","og_image":[{"width":1000,"height":628,"url":"https:\/\/borgione.kleecks-cdn.com\/blog\/wp-content\/uploads\/2019\/02\/maternitafacoltativa.jpg","type":"image\/jpeg"}],"author":"Michela Calculli","twitter_card":"summary_large_image","twitter_misc":{"Written by":"Michela Calculli","Est. reading time":"5 minuti"},"schema":{"@context":"https:\/\/schema.org","@graph":[{"@type":"Article","@id":"https:\/\/www.borgione.it\/blog\/guida-maternita-facoltativa#article","isPartOf":{"@id":"https:\/\/www.borgione.it\/blog\/guida-maternita-facoltativa\/"},"author":{"name":"Michela Calculli","@id":"https:\/\/www.borgione.it\/blog\/#\/schema\/person\/9aeaed96076b386bcc2570e0d0b7dc7c"},"headline":"Maternit\u00e0 facoltativa: come funziona?","datePublished":"2019-02-07T16:00:12+00:00","dateModified":"2021-11-04T08:22:06+00:00","mainEntityOfPage":{"@id":"https:\/\/www.borgione.it\/blog\/guida-maternita-facoltativa\/"},"wordCount":1014,"commentCount":0,"image":{"@id":"https:\/\/www.borgione.it\/blog\/guida-maternita-facoltativa#primaryimage"},"thumbnailUrl":"https:\/\/borgione.kleecks-cdn.com\/blog\/wp-content\/uploads\/2019\/02\/maternitafacoltativa.jpg","articleSection":["Notizie","Sviluppo e Crescita"],"inLanguage":"it-IT","potentialAction":[{"@type":"CommentAction","name":"Comment","target":["https:\/\/www.borgione.it\/blog\/guida-maternita-facoltativa#respond"]}]},{"@type":"WebPage","@id":"https:\/\/www.borgione.it\/blog\/guida-maternita-facoltativa\/","url":"https:\/\/www.borgione.it\/blog\/guida-maternita-facoltativa\/","name":"Maternit\u00e0 facoltativa: come funziona? - Blog - Borgione Centro Didattico","isPartOf":{"@id":"https:\/\/www.borgione.it\/blog\/#website"},"primaryImageOfPage":{"@id":"https:\/\/www.borgione.it\/blog\/guida-maternita-facoltativa#primaryimage"},"image":{"@id":"https:\/\/www.borgione.it\/blog\/guida-maternita-facoltativa#primaryimage"},"thumbnailUrl":"https:\/\/borgione.kleecks-cdn.com\/blog\/wp-content\/uploads\/2019\/02\/maternitafacoltativa.jpg","datePublished":"2019-02-07T16:00:12+00:00","dateModified":"2021-11-04T08:22:06+00:00","author":{"@id":"https:\/\/www.borgione.it\/blog\/#\/schema\/person\/9aeaed96076b386bcc2570e0d0b7dc7c"},"breadcrumb":{"@id":"https:\/\/www.borgione.it\/blog\/guida-maternita-facoltativa#breadcrumb"},"inLanguage":"it-IT","potentialAction":[{"@type":"ReadAction","target":["https:\/\/www.borgione.it\/blog\/guida-maternita-facoltativa\/"]}]},{"@type":"ImageObject","inLanguage":"it-IT","@id":"https:\/\/www.borgione.it\/blog\/guida-maternita-facoltativa#primaryimage","url":"https:\/\/borgione.kleecks-cdn.com\/blog\/wp-content\/uploads\/2019\/02\/maternitafacoltativa.jpg","contentUrl":"https:\/\/borgione.kleecks-cdn.com\/blog\/wp-content\/uploads\/2019\/02\/maternitafacoltativa.jpg","width":1000,"height":628},{"@type":"BreadcrumbList","@id":"https:\/\/www.borgione.it\/blog\/guida-maternita-facoltativa#breadcrumb","itemListElement":[{"@type":"ListItem","position":1,"name":"Home","item":"https:\/\/www.borgione.it\/blog\/"},{"@type":"ListItem","position":2,"name":"Maternit\u00e0 facoltativa: come funziona?"}]},{"@type":"WebSite","@id":"https:\/\/www.borgione.it\/blog\/#website","url":"https:\/\/www.borgione.it\/blog\/","name":"Blog - Borgione Centro Didattico","description":"","potentialAction":[{"@type":"SearchAction","target":{"@type":"EntryPoint","urlTemplate":"https:\/\/www.borgione.it\/blog\/?s=%7Bsearch_term_string%7D"},"query-input":{"@type":"PropertyValueSpecification","valueRequired":true,"valueName":"search_term_string"}}],"inLanguage":"it-IT"},{"@type":"Person","@id":"https:\/\/www.borgione.it\/blog\/#\/schema\/person\/9aeaed96076b386bcc2570e0d0b7dc7c","name":"Michela Calculli","description":"Una laurea in Economia, tante esperienze di lavoro tra ICT, Fisco e Comunicazione. Da oltre 10 anni si occupa di creazione e pianificazione di contenuti professionali scritti per il web.","url":"https:\/\/www.borgione.it\/blog\/author\/michela-calculli\/"}]}},"_links":{"self":[{"href":"https:\/\/www.borgione.it\/blog\/wp-json\/wp\/v2\/posts\/3055","targetHints":{"allow":["GET"]}}],"collection":[{"href":"https:\/\/www.borgione.it\/blog\/wp-json\/wp\/v2\/posts"}],"about":[{"href":"https:\/\/www.borgione.it\/blog\/wp-json\/wp\/v2\/types\/post"}],"author":[{"embeddable":true,"href":"https:\/\/www.borgione.it\/blog\/wp-json\/wp\/v2\/users\/8"}],"replies":[{"embeddable":true,"href":"https:\/\/www.borgione.it\/blog\/wp-json\/wp\/v2\/comments?post=3055"}],"version-history":[{"count":4,"href":"https:\/\/www.borgione.it\/blog\/wp-json\/wp\/v2\/posts\/3055\/revisions"}],"predecessor-version":[{"id":3060,"href":"https:\/\/www.borgione.it\/blog\/wp-json\/wp\/v2\/posts\/3055\/revisions\/3060"}],"wp:featuredmedia":[{"embeddable":true,"href":"https:\/\/www.borgione.it\/blog\/wp-json\/wp\/v2\/media\/3059"}],"wp:attachment":[{"href":"https:\/\/www.borgione.it\/blog\/wp-json\/wp\/v2\/media?parent=3055"}],"wp:term":[{"taxonomy":"category","embeddable":true,"href":"https:\/\/www.borgione.it\/blog\/wp-json\/wp\/v2\/categories?post=3055"},{"taxonomy":"post_tag","embeddable":true,"href":"https:\/\/www.borgione.it\/blog\/wp-json\/wp\/v2\/tags?post=3055"}],"curies":[{"name":"wp","href":"https:\/\/api.w.org\/{rel}","templated":true}]}}