{"id":2716,"date":"2018-09-10T08:44:00","date_gmt":"2018-09-10T06:44:00","guid":{"rendered":"https:\/\/www.borgione.it\/blog?p=2716"},"modified":"2018-11-07T11:53:39","modified_gmt":"2018-11-07T10:53:39","slug":"il-primo-giorno-di-scuola","status":"publish","type":"post","link":"https:\/\/www.borgione.it\/blog\/il-primo-giorno-di-scuola\/","title":{"rendered":"Il primo giorno di scuola"},"content":{"rendered":"<p>Sta per cominciare un <strong>nuovo anno scolastico. Chi prosegue sa in partenza che cosa trover\u00e0, almeno in linea di massima. Chi, invece, varca la soglia di una scuola primaria per la prima volta, vive emozioni straordinarie che saranno indimenticabili, affronta uno dei primi passaggi che la vita riserva, vive un cambiamento.<\/strong><\/p>\n<p>Nella mente di genitori e bambini si affollano pensieri, aspettative, timori. I bambini, queste meravigliose creature, sono pi\u00f9 audaci di noi adulti e sanno affrontare i mutamenti con maggiore intraprendenza perch\u00e9 l\u2019ingresso alla scuola primaria rappresenta la strada per diventare \u201cgrandi\u201d, dove impareranno a leggere e a scrivere bene! Essi hanno gi\u00e0 compreso che crescere esige l\u2019acquisizione di competenze e di abilit\u00e0 sempre pi\u00f9 ricercate e sono liberi da formule preconcette e da pregiudizi.<\/p>\n<p><strong>Sono le stereotipie degli adulti o addirittura i loro impliciti non risolti (l\u2019angoscia di separazione, un cordone ombelicale che fatica a tagliarsi, vissuti infantili\u2026) che si riflettono negativamente sulla psiche di un bambino e che condizionano la formazione della sua personalit\u00e0. <\/strong><\/p>\n<p><strong>Andare a scuola \u201c\u00e8 bello\u201d, cos\u00ec affermano i bambini<\/strong>. Scelgono lo zaino, il portapenne, i quaderni con le immagini dei loro eroi preferiti, perch\u00e9 essi stessi si vivono come arditi eroi di un\u2019avventura: come sar\u00e0 la maestra o il maestro? E i compagni saranno simpatici o antipatici? Bravi o cattivi? Ci sar\u00e0 l\u2019amica o l\u2019amico del cuore? Chiss\u00e0! Sono elettrizzati e curiosi. E finalmente quel primo giorno arriva. Qualcuno piange e si aggrappa al vestito della mamma o del pap\u00e0, qualcun altro, impavidamente, avanza senza pi\u00f9 badare ai propri genitori. \u201cAndate, andate, io sono grande\u201d.<\/p>\n<p>Tutto rester\u00e0 per sempre impresso. Insomma, <strong>\u00e8 un grande giorno.<\/strong><\/p>\n<p>Ciascuno di noi ha memoria di quel giorno: un ricordo sfocato o lucido, un particolare, una sensazione, un\u2019immagine sbiadita. Non dimentichiamocene quando accompagneremo i bambini in quel passaggio della loro vita.<\/p>\n<p>Di questi tempi non c\u2019\u00e8 l\u2019austerit\u00e0 dei tempi passati. Oggi i nostri bambini sono attesi e accolti da cartelloni, colori, musica e canti, attivit\u00e0 ben programmate previste dai progetti di Continuit\u00e0<strong>. Anche i maestri dal canto loro sono emozionati il primo giorno di scuola, forse quanto i bambini e i genitori. Ci sono le attese degli uni e degli altri. <\/strong><\/p>\n<p><strong>Sarebbe bello allora tendersi la mano reciprocamente, riporre fiducia l\u2019uno nell\u2019altro, da parte dei genitori provare profondo rispetto per una professione tanto umana quanto meravigliosa<\/strong>. <strong>Maestri non si diventa per caso: ci sono cuore, mente, studio, esperienza, preparazione.<\/strong> Fidiamoci nell\u2019affidare loro i nostri figli e ne trarranno beneficio anche i bambini che avranno percezione positiva o negativa del nostro atteggiamento e ci\u00f2 far\u00e0 la differenza. <strong>Maestri e genitori hanno a cuore un unico obiettivo: accompagnare i bambini nel percorso della vita al meglio possibile.<\/strong><\/p>\n<p>Ricordiamoci poi che la scuola \u00e8 uno dei luoghi del sapere, ma non il solo. S\u2019impara a scuola, a casa, ai giardini, in palestra, con gli amici, nella solitudine, nella distrazione. Dobbiamo solo garantire armonia, serenit\u00e0 e rispetto perch\u00e9 i bambini sono Persone prima di tutto e non una tabula rasa. Essi hanno gi\u00e0 in s\u00e9 talenti, potenziali, doti che devono semplicemente emergere, scoprirsi, farsi conoscere e darsi forma, visto che il bambino \u201c\u00e8 il padre dell\u2019Uomo\u201d (Montessori). L\u2019adulto deve offrire luoghi, materiali e strumenti affinch\u00e9 il piccolo possa imparare a conoscersi sbagliando, riprovando, rifacendo, scoprendo, sperimentando. \u00c8 cos\u00ec che s\u2019impara a com-prendere, a \u201cfare mio\u201d. Non uccidiamo il suo entusiasmo e la sua esuberanza, non spegniamo il fervore da cui \u00e8 animato, non etichettiamo! Evitiamo attentamente espressioni come \u201c\u00e8 svogliato! \u00c8 agitato! \u00c8 distratto! Non ha imparato ancora a leggere, mentre il figlio della mia amica legge gi\u00e0 bene!\u201d Non facciamo confronti e paragoni!<\/p>\n<p><strong>Ogni bambino \u00e8 un dono prezioso, un cosmo, con il proprio tempo e il proprio pensiero, le proprie fantasie e la propria originalit\u00e0, insomma, la propria speciale diversit\u00e0.<\/strong> Gli adulti devono convincersi che \u00e8 giusto rispettare anche il tempo della noia, un tempo concesso al pensiero e pensare \u00e8 un grande dono nell\u2019epoca dell\u2019efficienza convulsa. Lasciate loro anche lo spazio legittimo per pensare, sognare, inventare, guardare, fantasticare anche se ci\u00f2 fa contrasto con la velocit\u00e0 frenetica del nostro sociale. Infine che cos\u2019\u00e8 la distrazione se non la possibilit\u00e0, il desiderio di volgere il pensiero in un altrove interessante e curioso. Il filosofo L\u00e9vinas scrive che <em>[\u2026] la distrazione da s\u00e9 \u00e8 l\u2019ingresso dell\u2019infinito nell\u2019esistenza [\u2026] \u00e8 lo sbriciolarsi faticoso della ripetitivit\u00e0 in apparenza ineluttabile [\u2026] <\/em>(L\u00e9vinas, Etica e infinito, 2012). I bambini sono maestri in questo, assecondare questa propensione \u00e8 possibile per esempio attraverso la narrazione. Leggere, raccontare storie, narrare, sono modi per non deprimere il pensiero divergente, ovvero creativo del bambino.<\/p>\n<p>Lasciate tempo al gioco libero, \u00e8 essenziale. <strong>I bambini di oggi, \u00e8 largamente dimostrato dalle ricerche e sostenuto fortemente da studiosi come D. Goleman, sono molto pronti cognitivamente e se proprio dobbiamo parlare di Q.I., che dire, sono anche pi\u00f9 intelligenti ma\u2026 sono sempre pi\u00f9 fragili emotivamente.<\/strong> \u00c8 in declino l\u2019intelligenza emotiva, una previsione che gi\u00e0 a suo tempo aveva avanzato M. Montessori.<\/p>\n<p><strong>\u00a0Ai maestri, dopo vari decenni di carriera, suggerisco di non \u201cinfierire\u201d nell\u2019assegnazione dei compiti: i bambini imparano anche giocando, danzando, dipingendo, facendo teatro, annoiandosi, leggendo liberamente senza dover redigere noiosi riassunti (i riassunti dei libri imposti soffocano inesorabilmente il gusto\u201d di leggere). Ricordiamoci che <em>[\u2026] studiare non \u00e8 vivere: e vivere \u00e8 precisamente la cosa pi\u00f9 necessaria per poter studiare [\u2026]<\/em>\u00a0 (Montessori).<\/strong><\/p>\n<p>I bambini non hanno bisogno di riempire ogni spazio temporale con le pi\u00f9 svariate attivit\u00e0 che spesso scelgono gli adulti pi\u00f9 per narcisismo o competizione.<\/p>\n<p>Inoltre, lasciate loro anche il tempo del conflitto per imparare a gestirlo e a scoprire la bellezza della relazione e dell\u2019Alterit\u00e0.<\/p>\n<p>Nell\u2019era digitale il dialogo \u00e8 l\u2019asse portante di questa opera straordinaria, con i bambini e con i maestri, tra maestri e genitori. E poi l\u2019ascolto! Oggi non sappiamo pi\u00f9 ascoltare e allora ricominciamo da loro, dai <strong>bambini, che vanno ascoltati anche nei loro silenzi, perch\u00e9 i silenzi parlano e a volte sono assordanti<\/strong>. Quelli che chiamiamo \u201ccapricci\u201d sono solo altre parole e altri modi per esigere ascolto e attenzione. Impariamo ad ascoltare.<\/p>\n<p>Occorrono impegno, considerazione, rispetto e\u2026modelli educativi per consentire lo sviluppo di una buona infanzia, presupposto di una buona societ\u00e0 domani. Cominciamo dal primo giorno di scuola.<\/p>\n<p>Con tutto il cuore&#8230;<strong>buona scuola a tutti!<\/strong><\/p>\n<p>&nbsp;<\/p>\n<p><em>Luisa Piarulli<\/em><\/p>\n<p><em>Pedagogista, specializzata in Bioetica e in Pedagogia del territorio<\/em><\/p>\n<p><em>Premio nazionale Curcio 2016 per la diffusione della cultura pedagogica<\/em><\/p>\n<p><em>Docente di psicologia e pedagogia<\/em><\/p>\n<p><em>Docente a contratto presso l\u2019Universit\u00e0 Cattolica di Milano<\/em><\/p>\n<p><em>Tel. 3338714339\u00a0 <\/em><\/p>\n<p><em>www.luisapiarulli.wordpress.com<\/em><\/p>\n","protected":false},"excerpt":{"rendered":"<p>Sta per cominciare un nuovo anno scolastico. Chi prosegue sa in partenza che cosa trover\u00e0, almeno in linea di massima. Chi, invece, varca la soglia di una scuola primaria per la prima volta, vive emozioni straordinarie che saranno indimenticabili, affronta uno dei primi passaggi che la vita riserva, vive un cambiamento. Nella mente di genitori [&hellip;]<\/p>\n","protected":false},"author":2,"featured_media":2718,"comment_status":"open","ping_status":"open","sticky":false,"template":"","format":"standard","meta":{"_genesis_hide_title":false,"_genesis_hide_breadcrumbs":false,"_genesis_hide_singular_image":false,"_genesis_hide_footer_widgets":false,"_genesis_custom_body_class":"","_genesis_custom_post_class":"","_genesis_layout":"","footnotes":""},"categories":[16,7],"tags":[124,441,440,332],"class_list":{"0":"post-2716","1":"post","2":"type-post","3":"status-publish","4":"format-standard","5":"has-post-thumbnail","7":"category-scuola","8":"category-pedagogia","9":"tag-back-to-school","10":"tag-maestra","11":"tag-poesie-primo-giorno-di-scuola","12":"tag-primo-giorno-di-scuola","13":"entry"},"yoast_head":"<!-- This site is optimized with the Yoast SEO plugin v27.4 - https:\/\/yoast.com\/product\/yoast-seo-wordpress\/ -->\n<title>Il primo giorno di scuola - Blog - Borgione Centro Didattico<\/title>\n<meta name=\"robots\" content=\"index, follow, max-snippet:-1, max-image-preview:large, max-video-preview:-1\" \/>\n<link rel=\"canonical\" href=\"https:\/\/www.borgione.it\/blog\/il-primo-giorno-di-scuola\/\" \/>\n<meta property=\"og:locale\" content=\"it_IT\" \/>\n<meta property=\"og:type\" content=\"article\" \/>\n<meta property=\"og:title\" content=\"Il primo giorno di scuola - Blog - Borgione Centro Didattico\" \/>\n<meta property=\"og:description\" content=\"Sta per cominciare un nuovo anno scolastico. Chi prosegue sa in partenza che cosa trover\u00e0, almeno in linea di massima. Chi, invece, varca la soglia di una scuola primaria per la prima volta, vive emozioni straordinarie che saranno indimenticabili, affronta uno dei primi passaggi che la vita riserva, vive un cambiamento. Nella mente di genitori [&hellip;]\" \/>\n<meta property=\"og:url\" content=\"https:\/\/www.borgione.it\/blog\/il-primo-giorno-di-scuola\/\" \/>\n<meta property=\"og:site_name\" content=\"Blog - Borgione Centro Didattico\" \/>\n<meta property=\"article:published_time\" content=\"2018-09-10T06:44:00+00:00\" \/>\n<meta property=\"article:modified_time\" content=\"2018-11-07T10:53:39+00:00\" \/>\n<meta property=\"og:image\" content=\"https:\/\/borgione.kleecks-cdn.com\/blog\/wp-content\/uploads\/2018\/09\/shutterstock_1151079065.jpg\" \/>\n\t<meta property=\"og:image:width\" content=\"1000\" \/>\n\t<meta property=\"og:image:height\" content=\"667\" \/>\n\t<meta property=\"og:image:type\" content=\"image\/jpeg\" \/>\n<meta name=\"author\" content=\"Redazione\" \/>\n<meta name=\"twitter:card\" content=\"summary_large_image\" \/>\n<meta name=\"twitter:label1\" content=\"Written by\" \/>\n\t<meta name=\"twitter:data1\" content=\"Redazione\" \/>\n\t<meta name=\"twitter:label2\" content=\"Est. reading time\" \/>\n\t<meta name=\"twitter:data2\" content=\"5 minuti\" \/>\n<script type=\"application\/ld+json\" class=\"yoast-schema-graph\">{\"@context\":\"https:\\\/\\\/schema.org\",\"@graph\":[{\"@type\":\"Article\",\"@id\":\"https:\\\/\\\/www.borgione.it\\\/blog\\\/il-primo-giorno-di-scuola#article\",\"isPartOf\":{\"@id\":\"https:\\\/\\\/www.borgione.it\\\/blog\\\/il-primo-giorno-di-scuola\\\/\"},\"author\":{\"name\":\"Redazione\",\"@id\":\"https:\\\/\\\/www.borgione.it\\\/blog\\\/#\\\/schema\\\/person\\\/035ab9f79e06957439022325c63541eb\"},\"headline\":\"Il primo giorno di scuola\",\"datePublished\":\"2018-09-10T06:44:00+00:00\",\"dateModified\":\"2018-11-07T10:53:39+00:00\",\"mainEntityOfPage\":{\"@id\":\"https:\\\/\\\/www.borgione.it\\\/blog\\\/il-primo-giorno-di-scuola\\\/\"},\"wordCount\":1088,\"commentCount\":0,\"image\":{\"@id\":\"https:\\\/\\\/www.borgione.it\\\/blog\\\/il-primo-giorno-di-scuola#primaryimage\"},\"thumbnailUrl\":\"https:\\\/\\\/borgione.kleecks-cdn.com\\\/blog\\\/wp-content\\\/uploads\\\/2018\\\/09\\\/shutterstock_1151079065.jpg\",\"keywords\":[\"back to school\",\"maestra\",\"poesie primo giorno di scuola\",\"primo giorno di scuola\"],\"articleSection\":[\"Angolo del Docente\",\"Angolo del Terapista\"],\"inLanguage\":\"it-IT\",\"potentialAction\":[{\"@type\":\"CommentAction\",\"name\":\"Comment\",\"target\":[\"https:\\\/\\\/www.borgione.it\\\/blog\\\/il-primo-giorno-di-scuola#respond\"]}]},{\"@type\":\"WebPage\",\"@id\":\"https:\\\/\\\/www.borgione.it\\\/blog\\\/il-primo-giorno-di-scuola\\\/\",\"url\":\"https:\\\/\\\/www.borgione.it\\\/blog\\\/il-primo-giorno-di-scuola\\\/\",\"name\":\"Il primo giorno di scuola - Blog - Borgione Centro Didattico\",\"isPartOf\":{\"@id\":\"https:\\\/\\\/www.borgione.it\\\/blog\\\/#website\"},\"primaryImageOfPage\":{\"@id\":\"https:\\\/\\\/www.borgione.it\\\/blog\\\/il-primo-giorno-di-scuola#primaryimage\"},\"image\":{\"@id\":\"https:\\\/\\\/www.borgione.it\\\/blog\\\/il-primo-giorno-di-scuola#primaryimage\"},\"thumbnailUrl\":\"https:\\\/\\\/borgione.kleecks-cdn.com\\\/blog\\\/wp-content\\\/uploads\\\/2018\\\/09\\\/shutterstock_1151079065.jpg\",\"datePublished\":\"2018-09-10T06:44:00+00:00\",\"dateModified\":\"2018-11-07T10:53:39+00:00\",\"author\":{\"@id\":\"https:\\\/\\\/www.borgione.it\\\/blog\\\/#\\\/schema\\\/person\\\/035ab9f79e06957439022325c63541eb\"},\"breadcrumb\":{\"@id\":\"https:\\\/\\\/www.borgione.it\\\/blog\\\/il-primo-giorno-di-scuola#breadcrumb\"},\"inLanguage\":\"it-IT\",\"potentialAction\":[{\"@type\":\"ReadAction\",\"target\":[\"https:\\\/\\\/www.borgione.it\\\/blog\\\/il-primo-giorno-di-scuola\\\/\"]}]},{\"@type\":\"ImageObject\",\"inLanguage\":\"it-IT\",\"@id\":\"https:\\\/\\\/www.borgione.it\\\/blog\\\/il-primo-giorno-di-scuola#primaryimage\",\"url\":\"https:\\\/\\\/borgione.kleecks-cdn.com\\\/blog\\\/wp-content\\\/uploads\\\/2018\\\/09\\\/shutterstock_1151079065.jpg\",\"contentUrl\":\"https:\\\/\\\/borgione.kleecks-cdn.com\\\/blog\\\/wp-content\\\/uploads\\\/2018\\\/09\\\/shutterstock_1151079065.jpg\",\"width\":1000,\"height\":667},{\"@type\":\"BreadcrumbList\",\"@id\":\"https:\\\/\\\/www.borgione.it\\\/blog\\\/il-primo-giorno-di-scuola#breadcrumb\",\"itemListElement\":[{\"@type\":\"ListItem\",\"position\":1,\"name\":\"Home\",\"item\":\"https:\\\/\\\/www.borgione.it\\\/blog\\\/\"},{\"@type\":\"ListItem\",\"position\":2,\"name\":\"Il primo giorno di scuola\"}]},{\"@type\":\"WebSite\",\"@id\":\"https:\\\/\\\/www.borgione.it\\\/blog\\\/#website\",\"url\":\"https:\\\/\\\/www.borgione.it\\\/blog\\\/\",\"name\":\"Blog - Borgione Centro Didattico\",\"description\":\"\",\"potentialAction\":[{\"@type\":\"SearchAction\",\"target\":{\"@type\":\"EntryPoint\",\"urlTemplate\":\"https:\\\/\\\/www.borgione.it\\\/blog\\\/?s=%7Bsearch_term_string%7D\"},\"query-input\":{\"@type\":\"PropertyValueSpecification\",\"valueRequired\":true,\"valueName\":\"search_term_string\"}}],\"inLanguage\":\"it-IT\"},{\"@type\":\"Person\",\"@id\":\"https:\\\/\\\/www.borgione.it\\\/blog\\\/#\\\/schema\\\/person\\\/035ab9f79e06957439022325c63541eb\",\"name\":\"Redazione\",\"url\":\"https:\\\/\\\/www.borgione.it\\\/blog\\\/author\\\/admin\\\/\"}]}<\/script>\n<!-- \/ Yoast SEO plugin. -->","yoast_head_json":{"title":"Il primo giorno di scuola - Blog - Borgione Centro Didattico","robots":{"index":"index","follow":"follow","max-snippet":"max-snippet:-1","max-image-preview":"max-image-preview:large","max-video-preview":"max-video-preview:-1"},"canonical":"https:\/\/www.borgione.it\/blog\/il-primo-giorno-di-scuola\/","og_locale":"it_IT","og_type":"article","og_title":"Il primo giorno di scuola - Blog - Borgione Centro Didattico","og_description":"Sta per cominciare un nuovo anno scolastico. Chi prosegue sa in partenza che cosa trover\u00e0, almeno in linea di massima. Chi, invece, varca la soglia di una scuola primaria per la prima volta, vive emozioni straordinarie che saranno indimenticabili, affronta uno dei primi passaggi che la vita riserva, vive un cambiamento. Nella mente di genitori [&hellip;]","og_url":"https:\/\/www.borgione.it\/blog\/il-primo-giorno-di-scuola\/","og_site_name":"Blog - Borgione Centro Didattico","article_published_time":"2018-09-10T06:44:00+00:00","article_modified_time":"2018-11-07T10:53:39+00:00","og_image":[{"width":1000,"height":667,"url":"https:\/\/borgione.kleecks-cdn.com\/blog\/wp-content\/uploads\/2018\/09\/shutterstock_1151079065.jpg","type":"image\/jpeg"}],"author":"Redazione","twitter_card":"summary_large_image","twitter_misc":{"Written by":"Redazione","Est. reading time":"5 minuti"},"schema":{"@context":"https:\/\/schema.org","@graph":[{"@type":"Article","@id":"https:\/\/www.borgione.it\/blog\/il-primo-giorno-di-scuola#article","isPartOf":{"@id":"https:\/\/www.borgione.it\/blog\/il-primo-giorno-di-scuola\/"},"author":{"name":"Redazione","@id":"https:\/\/www.borgione.it\/blog\/#\/schema\/person\/035ab9f79e06957439022325c63541eb"},"headline":"Il primo giorno di scuola","datePublished":"2018-09-10T06:44:00+00:00","dateModified":"2018-11-07T10:53:39+00:00","mainEntityOfPage":{"@id":"https:\/\/www.borgione.it\/blog\/il-primo-giorno-di-scuola\/"},"wordCount":1088,"commentCount":0,"image":{"@id":"https:\/\/www.borgione.it\/blog\/il-primo-giorno-di-scuola#primaryimage"},"thumbnailUrl":"https:\/\/borgione.kleecks-cdn.com\/blog\/wp-content\/uploads\/2018\/09\/shutterstock_1151079065.jpg","keywords":["back to school","maestra","poesie primo giorno di scuola","primo giorno di scuola"],"articleSection":["Angolo del Docente","Angolo del Terapista"],"inLanguage":"it-IT","potentialAction":[{"@type":"CommentAction","name":"Comment","target":["https:\/\/www.borgione.it\/blog\/il-primo-giorno-di-scuola#respond"]}]},{"@type":"WebPage","@id":"https:\/\/www.borgione.it\/blog\/il-primo-giorno-di-scuola\/","url":"https:\/\/www.borgione.it\/blog\/il-primo-giorno-di-scuola\/","name":"Il primo giorno di scuola - Blog - Borgione Centro Didattico","isPartOf":{"@id":"https:\/\/www.borgione.it\/blog\/#website"},"primaryImageOfPage":{"@id":"https:\/\/www.borgione.it\/blog\/il-primo-giorno-di-scuola#primaryimage"},"image":{"@id":"https:\/\/www.borgione.it\/blog\/il-primo-giorno-di-scuola#primaryimage"},"thumbnailUrl":"https:\/\/borgione.kleecks-cdn.com\/blog\/wp-content\/uploads\/2018\/09\/shutterstock_1151079065.jpg","datePublished":"2018-09-10T06:44:00+00:00","dateModified":"2018-11-07T10:53:39+00:00","author":{"@id":"https:\/\/www.borgione.it\/blog\/#\/schema\/person\/035ab9f79e06957439022325c63541eb"},"breadcrumb":{"@id":"https:\/\/www.borgione.it\/blog\/il-primo-giorno-di-scuola#breadcrumb"},"inLanguage":"it-IT","potentialAction":[{"@type":"ReadAction","target":["https:\/\/www.borgione.it\/blog\/il-primo-giorno-di-scuola\/"]}]},{"@type":"ImageObject","inLanguage":"it-IT","@id":"https:\/\/www.borgione.it\/blog\/il-primo-giorno-di-scuola#primaryimage","url":"https:\/\/borgione.kleecks-cdn.com\/blog\/wp-content\/uploads\/2018\/09\/shutterstock_1151079065.jpg","contentUrl":"https:\/\/borgione.kleecks-cdn.com\/blog\/wp-content\/uploads\/2018\/09\/shutterstock_1151079065.jpg","width":1000,"height":667},{"@type":"BreadcrumbList","@id":"https:\/\/www.borgione.it\/blog\/il-primo-giorno-di-scuola#breadcrumb","itemListElement":[{"@type":"ListItem","position":1,"name":"Home","item":"https:\/\/www.borgione.it\/blog\/"},{"@type":"ListItem","position":2,"name":"Il primo giorno di scuola"}]},{"@type":"WebSite","@id":"https:\/\/www.borgione.it\/blog\/#website","url":"https:\/\/www.borgione.it\/blog\/","name":"Blog - Borgione Centro Didattico","description":"","potentialAction":[{"@type":"SearchAction","target":{"@type":"EntryPoint","urlTemplate":"https:\/\/www.borgione.it\/blog\/?s=%7Bsearch_term_string%7D"},"query-input":{"@type":"PropertyValueSpecification","valueRequired":true,"valueName":"search_term_string"}}],"inLanguage":"it-IT"},{"@type":"Person","@id":"https:\/\/www.borgione.it\/blog\/#\/schema\/person\/035ab9f79e06957439022325c63541eb","name":"Redazione","url":"https:\/\/www.borgione.it\/blog\/author\/admin\/"}]}},"_links":{"self":[{"href":"https:\/\/www.borgione.it\/blog\/wp-json\/wp\/v2\/posts\/2716","targetHints":{"allow":["GET"]}}],"collection":[{"href":"https:\/\/www.borgione.it\/blog\/wp-json\/wp\/v2\/posts"}],"about":[{"href":"https:\/\/www.borgione.it\/blog\/wp-json\/wp\/v2\/types\/post"}],"author":[{"embeddable":true,"href":"https:\/\/www.borgione.it\/blog\/wp-json\/wp\/v2\/users\/2"}],"replies":[{"embeddable":true,"href":"https:\/\/www.borgione.it\/blog\/wp-json\/wp\/v2\/comments?post=2716"}],"version-history":[{"count":2,"href":"https:\/\/www.borgione.it\/blog\/wp-json\/wp\/v2\/posts\/2716\/revisions"}],"predecessor-version":[{"id":2720,"href":"https:\/\/www.borgione.it\/blog\/wp-json\/wp\/v2\/posts\/2716\/revisions\/2720"}],"wp:featuredmedia":[{"embeddable":true,"href":"https:\/\/www.borgione.it\/blog\/wp-json\/wp\/v2\/media\/2718"}],"wp:attachment":[{"href":"https:\/\/www.borgione.it\/blog\/wp-json\/wp\/v2\/media?parent=2716"}],"wp:term":[{"taxonomy":"category","embeddable":true,"href":"https:\/\/www.borgione.it\/blog\/wp-json\/wp\/v2\/categories?post=2716"},{"taxonomy":"post_tag","embeddable":true,"href":"https:\/\/www.borgione.it\/blog\/wp-json\/wp\/v2\/tags?post=2716"}],"curies":[{"name":"wp","href":"https:\/\/api.w.org\/{rel}","templated":true}]}}