{"id":2228,"date":"2018-02-01T11:28:05","date_gmt":"2018-02-01T10:28:05","guid":{"rendered":"https:\/\/www.borgione.it\/blog?p=2228"},"modified":"2018-11-07T11:58:10","modified_gmt":"2018-11-07T10:58:10","slug":"vietato-dire-non-ce-la-faccio","status":"publish","type":"post","link":"https:\/\/www.borgione.it\/blog\/vietato-dire-non-ce-la-faccio\/","title":{"rendered":"Vietato dire: &#8220;non ce la faccio&#8221;"},"content":{"rendered":"<p><em>\u201cNon ci riesco a disegnare il sole, me lo fai tu?\u201d<\/em><\/p>\n<p>&nbsp;<\/p>\n<p>Quante volte abbiamo sentito frasi di questo genere da un bambino che sta facendo un disegno?<\/p>\n<p>La motivazione che porta il bambino a fare questa richiesta pu\u00f2 derivare dal non sapere disegnare bene un cerchio o dal sapere molto bene che un adulto lo sa fare meglio, pi\u00f9 velocemente di lui&#8230; ma non \u00e8 la motivazione che vorrei analizzare, quanto la domanda in s\u00e9, perch\u00e9 \u00e8 proprio da questo tipo di richieste che inizia il lavoro degli adulti nel fornire al bambino degli strumenti per accrescere la sua autostima, per provare a svolgere da soli piccole cose, semplici attivit\u00e0.<\/p>\n<p>Di fronte a domande del genere, <strong>\u00e8 utile spiegare che ogni \u201csuccesso\u201d si costruisce mano a mano<\/strong>; si pu\u00f2 incominciare a pensare che il sole abbia uno spazio nel cielo, per poi attribuirgli un colore caldo allo step successivo, magari facendo attenzione a dargli una forma simile a quella che vediamo ogni giorno, etc. E ad ogni piccolo traguardo raggiunto \u00e8 giusto complimentarsi con lui, magari aggiungendo delle piccole critiche, ma in modo costruttivo: <em>\u201cBravo, hai fatto un bel sole grande! Sarebbe stato meglio farlo giallo&#8230; per\u00f2 \u00e8 proprio bello!\u201d<\/em>.<\/p>\n<p>&nbsp;<\/p>\n<p>E\u2019 necessario dargli sempre fiducia, fargli sapere che qualcuno crede in lui, nelle sue capacit\u00e0, nella sua voglia di provarci senza paura di affrontare situazioni nuove. Ci saranno i momenti dello scoraggiamento <em>\u201cMa il mio sole non \u00e8 bello come il tuoooo. Non sono capaceeee!!!\u201d<\/em> e sono queste le occasioni in cui bisogner\u00e0 fargli capire che solo provandoci e riprovandoci si otterr\u00e0 un risultato di cui andare fiero. Spiegargli che magari non \u00e8 ancora il momento per riuscire a fare un sole bello rotondo, con lunghi raggi e una faccina sorridente e soprattutto che non esister\u00e0 solo un modo per arrivarci, ma che quel momento arriver\u00e0 e che lui trover\u00e0 il suo modo per farlo.<\/p>\n<p>&nbsp;<\/p>\n<p>A volte ci si dimentica dei successi ottenuti in passato ed \u00e8 pi\u00f9 facile dire di non essere in grado di fare qualcosa piuttosto che provarci. Ecco allora che <strong>bisogna far riaffiorare alla memoria dei piccoli successi passati<\/strong>, anche i pi\u00f9 banali, <strong>per fare in modo che il bambino cresca con l&#8217;ambizione di doverci provare e di riuscire<\/strong>, ricordandosi di <em>essere capace a farlo.<\/em><\/p>\n<p><em>\u00a0<\/em><\/p>\n<p>L&#8217;evoluzione nel disegnare un sole \u00e8 un esempio riportato per avere un riscontro della vita quotidiana vissuta con i bambini, perch\u00e9 \u00e8 proprio nella vita di tutti i giorni che bisogna incentivare l&#8217;impegno e la costanza come valori che servono a <strong>provarci, a non arrendersi, a non creare dei blocchi mentali che potrebbero impedire la realizzazione dei propri sogni<\/strong>. Bisogna provarci e se non si riesce, bisogna cambiare il modo, perch\u00e9 nulla \u00e8 impossibile. <strong>Cos\u00ec si insegna al bambino che la voglia di fare e di mettersi in gioco \u00e8 la base per il successo<\/strong>, in primis quello personale, per diventare un individuo tenace e ambizioso, pronto ad affrontare la vita con coraggio e determinazione.<\/p>\n<p>&nbsp;<\/p>\n<p><strong>\u00a0<\/strong><\/p>\n<div id=\"attachment_784\" style=\"width: 190px\" class=\"wp-caption alignnone\"><a href=\"https:\/\/borgione.kleecks-cdn.com\/blog\/wp-content\/uploads\/2015\/11\/elena.png\"><img decoding=\"async\" aria-describedby=\"caption-attachment-784\" class=\"size-full wp-image-784\" src=\"https:\/\/borgione.kleecks-cdn.com\/blog\/wp-content\/uploads\/2015\/11\/elena.png\" alt=\"Elena T.\" width=\"180\" height=\"180\" srcset=\"https:\/\/www.borgione.it\/blog\/wp-content\/uploads\/2015\/11\/elena.png%20180w,%20https:\/blog.borgione.it\/wp-content\/uploads\/2015\/11\/elena-150x150.png%20150w,%20https:\/blog.borgione.it\/wp-content\/uploads\/2015\/11\/elena-60x60.png%2060w\" sizes=\"(max-width: 180px) 100vw, 180px\" \/><\/a><p id=\"caption-attachment-784\" class=\"wp-caption-text\">Elena T.<\/p><\/div>\n","protected":false},"excerpt":{"rendered":"<p>\u201cNon ci riesco a disegnare il sole, me lo fai tu?\u201d &nbsp; Quante volte abbiamo sentito frasi di questo genere da un bambino che sta facendo un disegno? La motivazione che porta il bambino a fare questa richiesta pu\u00f2 derivare dal non sapere disegnare bene un cerchio o dal sapere molto bene che un adulto [&hellip;]<\/p>\n","protected":false},"author":2,"featured_media":2229,"comment_status":"open","ping_status":"open","sticky":false,"template":"","format":"standard","meta":{"_genesis_hide_title":false,"_genesis_hide_breadcrumbs":false,"_genesis_hide_singular_image":false,"_genesis_hide_footer_widgets":false,"_genesis_custom_body_class":"","_genesis_custom_post_class":"","_genesis_layout":"","footnotes":""},"categories":[7,1,451],"tags":[20,150,19],"class_list":{"0":"post-2228","1":"post","2":"type-post","3":"status-publish","4":"format-standard","5":"has-post-thumbnail","7":"category-pedagogia","8":"category-notizie","9":"category-sviluppo-crescita","10":"tag-bambini","11":"tag-infanzia","12":"tag-pedagogia-2","13":"entry"},"yoast_head":"<!-- This site is optimized with the Yoast SEO plugin v27.4 - https:\/\/yoast.com\/product\/yoast-seo-wordpress\/ -->\n<title>Vietato dire: &quot;non ce la faccio&quot; - Blog - Borgione Centro Didattico<\/title>\n<meta name=\"robots\" content=\"index, follow, max-snippet:-1, max-image-preview:large, max-video-preview:-1\" \/>\n<link rel=\"canonical\" href=\"https:\/\/www.borgione.it\/blog\/vietato-dire-non-ce-la-faccio\/\" \/>\n<meta property=\"og:locale\" content=\"it_IT\" \/>\n<meta property=\"og:type\" content=\"article\" \/>\n<meta property=\"og:title\" content=\"Vietato dire: &quot;non ce la faccio&quot; - Blog - Borgione Centro Didattico\" \/>\n<meta property=\"og:description\" content=\"\u201cNon ci riesco a disegnare il sole, me lo fai tu?\u201d &nbsp; Quante volte abbiamo sentito frasi di questo genere da un bambino che sta facendo un disegno? La motivazione che porta il bambino a fare questa richiesta pu\u00f2 derivare dal non sapere disegnare bene un cerchio o dal sapere molto bene che un adulto [&hellip;]\" \/>\n<meta property=\"og:url\" content=\"https:\/\/www.borgione.it\/blog\/vietato-dire-non-ce-la-faccio\/\" \/>\n<meta property=\"og:site_name\" content=\"Blog - Borgione Centro Didattico\" \/>\n<meta property=\"article:published_time\" content=\"2018-02-01T10:28:05+00:00\" \/>\n<meta property=\"article:modified_time\" content=\"2018-11-07T10:58:10+00:00\" \/>\n<meta property=\"og:image\" content=\"https:\/\/borgione.kleecks-cdn.com\/blog\/wp-content\/uploads\/2017\/10\/shutterstock_552349792.jpg\" \/>\n\t<meta property=\"og:image:width\" content=\"1000\" \/>\n\t<meta property=\"og:image:height\" content=\"667\" \/>\n\t<meta property=\"og:image:type\" content=\"image\/jpeg\" \/>\n<meta name=\"author\" content=\"Redazione\" \/>\n<meta name=\"twitter:card\" content=\"summary_large_image\" \/>\n<meta name=\"twitter:label1\" content=\"Written by\" \/>\n\t<meta name=\"twitter:data1\" content=\"Redazione\" \/>\n\t<meta name=\"twitter:label2\" content=\"Est. reading time\" \/>\n\t<meta name=\"twitter:data2\" content=\"2 minuti\" \/>\n<script type=\"application\/ld+json\" class=\"yoast-schema-graph\">{\"@context\":\"https:\\\/\\\/schema.org\",\"@graph\":[{\"@type\":\"Article\",\"@id\":\"https:\\\/\\\/www.borgione.it\\\/blog\\\/vietato-dire-non-ce-la-faccio#article\",\"isPartOf\":{\"@id\":\"https:\\\/\\\/www.borgione.it\\\/blog\\\/vietato-dire-non-ce-la-faccio\\\/\"},\"author\":{\"name\":\"Redazione\",\"@id\":\"https:\\\/\\\/www.borgione.it\\\/blog\\\/#\\\/schema\\\/person\\\/035ab9f79e06957439022325c63541eb\"},\"headline\":\"Vietato dire: &#8220;non ce la faccio&#8221;\",\"datePublished\":\"2018-02-01T10:28:05+00:00\",\"dateModified\":\"2018-11-07T10:58:10+00:00\",\"mainEntityOfPage\":{\"@id\":\"https:\\\/\\\/www.borgione.it\\\/blog\\\/vietato-dire-non-ce-la-faccio\\\/\"},\"wordCount\":501,\"commentCount\":1,\"image\":{\"@id\":\"https:\\\/\\\/www.borgione.it\\\/blog\\\/vietato-dire-non-ce-la-faccio#primaryimage\"},\"thumbnailUrl\":\"https:\\\/\\\/borgione.kleecks-cdn.com\\\/blog\\\/wp-content\\\/uploads\\\/2017\\\/10\\\/shutterstock_552349792.jpg\",\"keywords\":[\"bambini\",\"infanzia\",\"pedagogia\"],\"articleSection\":[\"Angolo del Terapista\",\"Notizie\",\"Sviluppo e Crescita\"],\"inLanguage\":\"it-IT\",\"potentialAction\":[{\"@type\":\"CommentAction\",\"name\":\"Comment\",\"target\":[\"https:\\\/\\\/www.borgione.it\\\/blog\\\/vietato-dire-non-ce-la-faccio#respond\"]}]},{\"@type\":\"WebPage\",\"@id\":\"https:\\\/\\\/www.borgione.it\\\/blog\\\/vietato-dire-non-ce-la-faccio\\\/\",\"url\":\"https:\\\/\\\/www.borgione.it\\\/blog\\\/vietato-dire-non-ce-la-faccio\\\/\",\"name\":\"Vietato dire: \\\"non ce la faccio\\\" - Blog - Borgione Centro Didattico\",\"isPartOf\":{\"@id\":\"https:\\\/\\\/www.borgione.it\\\/blog\\\/#website\"},\"primaryImageOfPage\":{\"@id\":\"https:\\\/\\\/www.borgione.it\\\/blog\\\/vietato-dire-non-ce-la-faccio#primaryimage\"},\"image\":{\"@id\":\"https:\\\/\\\/www.borgione.it\\\/blog\\\/vietato-dire-non-ce-la-faccio#primaryimage\"},\"thumbnailUrl\":\"https:\\\/\\\/borgione.kleecks-cdn.com\\\/blog\\\/wp-content\\\/uploads\\\/2017\\\/10\\\/shutterstock_552349792.jpg\",\"datePublished\":\"2018-02-01T10:28:05+00:00\",\"dateModified\":\"2018-11-07T10:58:10+00:00\",\"author\":{\"@id\":\"https:\\\/\\\/www.borgione.it\\\/blog\\\/#\\\/schema\\\/person\\\/035ab9f79e06957439022325c63541eb\"},\"breadcrumb\":{\"@id\":\"https:\\\/\\\/www.borgione.it\\\/blog\\\/vietato-dire-non-ce-la-faccio#breadcrumb\"},\"inLanguage\":\"it-IT\",\"potentialAction\":[{\"@type\":\"ReadAction\",\"target\":[\"https:\\\/\\\/www.borgione.it\\\/blog\\\/vietato-dire-non-ce-la-faccio\\\/\"]}]},{\"@type\":\"ImageObject\",\"inLanguage\":\"it-IT\",\"@id\":\"https:\\\/\\\/www.borgione.it\\\/blog\\\/vietato-dire-non-ce-la-faccio#primaryimage\",\"url\":\"https:\\\/\\\/borgione.kleecks-cdn.com\\\/blog\\\/wp-content\\\/uploads\\\/2017\\\/10\\\/shutterstock_552349792.jpg\",\"contentUrl\":\"https:\\\/\\\/borgione.kleecks-cdn.com\\\/blog\\\/wp-content\\\/uploads\\\/2017\\\/10\\\/shutterstock_552349792.jpg\",\"width\":1000,\"height\":667},{\"@type\":\"BreadcrumbList\",\"@id\":\"https:\\\/\\\/www.borgione.it\\\/blog\\\/vietato-dire-non-ce-la-faccio#breadcrumb\",\"itemListElement\":[{\"@type\":\"ListItem\",\"position\":1,\"name\":\"Home\",\"item\":\"https:\\\/\\\/www.borgione.it\\\/blog\\\/\"},{\"@type\":\"ListItem\",\"position\":2,\"name\":\"Vietato dire: &#8220;non ce la faccio&#8221;\"}]},{\"@type\":\"WebSite\",\"@id\":\"https:\\\/\\\/www.borgione.it\\\/blog\\\/#website\",\"url\":\"https:\\\/\\\/www.borgione.it\\\/blog\\\/\",\"name\":\"Blog - Borgione Centro Didattico\",\"description\":\"\",\"potentialAction\":[{\"@type\":\"SearchAction\",\"target\":{\"@type\":\"EntryPoint\",\"urlTemplate\":\"https:\\\/\\\/www.borgione.it\\\/blog\\\/?s=%7Bsearch_term_string%7D\"},\"query-input\":{\"@type\":\"PropertyValueSpecification\",\"valueRequired\":true,\"valueName\":\"search_term_string\"}}],\"inLanguage\":\"it-IT\"},{\"@type\":\"Person\",\"@id\":\"https:\\\/\\\/www.borgione.it\\\/blog\\\/#\\\/schema\\\/person\\\/035ab9f79e06957439022325c63541eb\",\"name\":\"Redazione\",\"url\":\"https:\\\/\\\/www.borgione.it\\\/blog\\\/author\\\/admin\\\/\"}]}<\/script>\n<!-- \/ Yoast SEO plugin. -->","yoast_head_json":{"title":"Vietato dire: \"non ce la faccio\" - Blog - Borgione Centro Didattico","robots":{"index":"index","follow":"follow","max-snippet":"max-snippet:-1","max-image-preview":"max-image-preview:large","max-video-preview":"max-video-preview:-1"},"canonical":"https:\/\/www.borgione.it\/blog\/vietato-dire-non-ce-la-faccio\/","og_locale":"it_IT","og_type":"article","og_title":"Vietato dire: \"non ce la faccio\" - Blog - Borgione Centro Didattico","og_description":"\u201cNon ci riesco a disegnare il sole, me lo fai tu?\u201d &nbsp; Quante volte abbiamo sentito frasi di questo genere da un bambino che sta facendo un disegno? La motivazione che porta il bambino a fare questa richiesta pu\u00f2 derivare dal non sapere disegnare bene un cerchio o dal sapere molto bene che un adulto [&hellip;]","og_url":"https:\/\/www.borgione.it\/blog\/vietato-dire-non-ce-la-faccio\/","og_site_name":"Blog - Borgione Centro Didattico","article_published_time":"2018-02-01T10:28:05+00:00","article_modified_time":"2018-11-07T10:58:10+00:00","og_image":[{"width":1000,"height":667,"url":"https:\/\/borgione.kleecks-cdn.com\/blog\/wp-content\/uploads\/2017\/10\/shutterstock_552349792.jpg","type":"image\/jpeg"}],"author":"Redazione","twitter_card":"summary_large_image","twitter_misc":{"Written by":"Redazione","Est. reading time":"2 minuti"},"schema":{"@context":"https:\/\/schema.org","@graph":[{"@type":"Article","@id":"https:\/\/www.borgione.it\/blog\/vietato-dire-non-ce-la-faccio#article","isPartOf":{"@id":"https:\/\/www.borgione.it\/blog\/vietato-dire-non-ce-la-faccio\/"},"author":{"name":"Redazione","@id":"https:\/\/www.borgione.it\/blog\/#\/schema\/person\/035ab9f79e06957439022325c63541eb"},"headline":"Vietato dire: &#8220;non ce la faccio&#8221;","datePublished":"2018-02-01T10:28:05+00:00","dateModified":"2018-11-07T10:58:10+00:00","mainEntityOfPage":{"@id":"https:\/\/www.borgione.it\/blog\/vietato-dire-non-ce-la-faccio\/"},"wordCount":501,"commentCount":1,"image":{"@id":"https:\/\/www.borgione.it\/blog\/vietato-dire-non-ce-la-faccio#primaryimage"},"thumbnailUrl":"https:\/\/borgione.kleecks-cdn.com\/blog\/wp-content\/uploads\/2017\/10\/shutterstock_552349792.jpg","keywords":["bambini","infanzia","pedagogia"],"articleSection":["Angolo del Terapista","Notizie","Sviluppo e Crescita"],"inLanguage":"it-IT","potentialAction":[{"@type":"CommentAction","name":"Comment","target":["https:\/\/www.borgione.it\/blog\/vietato-dire-non-ce-la-faccio#respond"]}]},{"@type":"WebPage","@id":"https:\/\/www.borgione.it\/blog\/vietato-dire-non-ce-la-faccio\/","url":"https:\/\/www.borgione.it\/blog\/vietato-dire-non-ce-la-faccio\/","name":"Vietato dire: \"non ce la faccio\" - Blog - Borgione Centro Didattico","isPartOf":{"@id":"https:\/\/www.borgione.it\/blog\/#website"},"primaryImageOfPage":{"@id":"https:\/\/www.borgione.it\/blog\/vietato-dire-non-ce-la-faccio#primaryimage"},"image":{"@id":"https:\/\/www.borgione.it\/blog\/vietato-dire-non-ce-la-faccio#primaryimage"},"thumbnailUrl":"https:\/\/borgione.kleecks-cdn.com\/blog\/wp-content\/uploads\/2017\/10\/shutterstock_552349792.jpg","datePublished":"2018-02-01T10:28:05+00:00","dateModified":"2018-11-07T10:58:10+00:00","author":{"@id":"https:\/\/www.borgione.it\/blog\/#\/schema\/person\/035ab9f79e06957439022325c63541eb"},"breadcrumb":{"@id":"https:\/\/www.borgione.it\/blog\/vietato-dire-non-ce-la-faccio#breadcrumb"},"inLanguage":"it-IT","potentialAction":[{"@type":"ReadAction","target":["https:\/\/www.borgione.it\/blog\/vietato-dire-non-ce-la-faccio\/"]}]},{"@type":"ImageObject","inLanguage":"it-IT","@id":"https:\/\/www.borgione.it\/blog\/vietato-dire-non-ce-la-faccio#primaryimage","url":"https:\/\/borgione.kleecks-cdn.com\/blog\/wp-content\/uploads\/2017\/10\/shutterstock_552349792.jpg","contentUrl":"https:\/\/borgione.kleecks-cdn.com\/blog\/wp-content\/uploads\/2017\/10\/shutterstock_552349792.jpg","width":1000,"height":667},{"@type":"BreadcrumbList","@id":"https:\/\/www.borgione.it\/blog\/vietato-dire-non-ce-la-faccio#breadcrumb","itemListElement":[{"@type":"ListItem","position":1,"name":"Home","item":"https:\/\/www.borgione.it\/blog\/"},{"@type":"ListItem","position":2,"name":"Vietato dire: &#8220;non ce la faccio&#8221;"}]},{"@type":"WebSite","@id":"https:\/\/www.borgione.it\/blog\/#website","url":"https:\/\/www.borgione.it\/blog\/","name":"Blog - Borgione Centro Didattico","description":"","potentialAction":[{"@type":"SearchAction","target":{"@type":"EntryPoint","urlTemplate":"https:\/\/www.borgione.it\/blog\/?s=%7Bsearch_term_string%7D"},"query-input":{"@type":"PropertyValueSpecification","valueRequired":true,"valueName":"search_term_string"}}],"inLanguage":"it-IT"},{"@type":"Person","@id":"https:\/\/www.borgione.it\/blog\/#\/schema\/person\/035ab9f79e06957439022325c63541eb","name":"Redazione","url":"https:\/\/www.borgione.it\/blog\/author\/admin\/"}]}},"_links":{"self":[{"href":"https:\/\/www.borgione.it\/blog\/wp-json\/wp\/v2\/posts\/2228","targetHints":{"allow":["GET"]}}],"collection":[{"href":"https:\/\/www.borgione.it\/blog\/wp-json\/wp\/v2\/posts"}],"about":[{"href":"https:\/\/www.borgione.it\/blog\/wp-json\/wp\/v2\/types\/post"}],"author":[{"embeddable":true,"href":"https:\/\/www.borgione.it\/blog\/wp-json\/wp\/v2\/users\/2"}],"replies":[{"embeddable":true,"href":"https:\/\/www.borgione.it\/blog\/wp-json\/wp\/v2\/comments?post=2228"}],"version-history":[{"count":6,"href":"https:\/\/www.borgione.it\/blog\/wp-json\/wp\/v2\/posts\/2228\/revisions"}],"predecessor-version":[{"id":2231,"href":"https:\/\/www.borgione.it\/blog\/wp-json\/wp\/v2\/posts\/2228\/revisions\/2231"}],"wp:featuredmedia":[{"embeddable":true,"href":"https:\/\/www.borgione.it\/blog\/wp-json\/wp\/v2\/media\/2229"}],"wp:attachment":[{"href":"https:\/\/www.borgione.it\/blog\/wp-json\/wp\/v2\/media?parent=2228"}],"wp:term":[{"taxonomy":"category","embeddable":true,"href":"https:\/\/www.borgione.it\/blog\/wp-json\/wp\/v2\/categories?post=2228"},{"taxonomy":"post_tag","embeddable":true,"href":"https:\/\/www.borgione.it\/blog\/wp-json\/wp\/v2\/tags?post=2228"}],"curies":[{"name":"wp","href":"https:\/\/api.w.org\/{rel}","templated":true}]}}