{"id":2057,"date":"2017-07-12T11:18:05","date_gmt":"2017-07-12T09:18:05","guid":{"rendered":"https:\/\/www.borgione.it\/blog?p=2057"},"modified":"2021-11-04T09:26:41","modified_gmt":"2021-11-04T08:26:41","slug":"il-metodo-del-globalismo-affettivo","status":"publish","type":"post","link":"https:\/\/www.borgione.it\/blog\/il-metodo-del-globalismo-affettivo\/","title":{"rendered":"Il Metodo del Globalismo Affettivo"},"content":{"rendered":"<p><em>\u201c<\/em><em>La fantasia \u00e8 quella che permette al bambino di ascoltare e rispondere a qualsiasi oggetto con cui sta giocando.\u201d<\/em><\/p>\n<p>Vito De Lillo (autore del Globalismo Affettivo)<\/p>\n<p>&nbsp;<\/p>\n<p>Da subito ho intravisto l\u2019efficacia e la valenza pedagogica del <strong>Metodo del Globalismo Affettivo\u00a0\u00a0 rivolto ai bambini di 4 e 5 anni<\/strong>, frequentanti la scuola dell\u2019infanzia, ben costruito nella tecnica e sperimentato sul campo per pi\u00f9 di un decennio<span style=\"color: #ff0000;\"><span style=\"color: #000000;\">.<\/span><a style=\"color: #ff0000;\" href=\"#_ftn1\" name=\"_ftnref1\">[1]<\/a><\/span><\/p>\n<p>Nel 2008 viene promossa una sperimentazione in 4 scuole pugliesi con diversa tipologia di utenza per testarne la sua applicazione e valenza educativa, attraverso il contributo di due osservatori, con il supporto scientifico di un gruppo di esperti dell\u2019ANPE (Associazione Nazionale Pedagogisti Italiani) Puglia.<\/p>\n<p><strong>Il metodo Globalismo affettivo si prende cura del bambino rispettando la naturale crescita evolutiva del bambino senza forzarlo<\/strong>, perch\u00e9 mira a sollecitare, attraverso graduali passaggi, la maturazione di livelli sempre pi\u00f9 appropriati di coscientizzazione motoria, emotiva, cognitiva.<\/p>\n<p>Il Metodo utilizza la dimensione del gioco in tutte le sue fasi di applicazione al fine di alimentare processi di crescita globale.<\/p>\n<p>Dalle risultanze dei ricercatori della cattedra di Neuropsichiatria infantile si evidenzia la validit\u00e0 del metodo per l\u2019aspetto motivante e socializzante che favorisce l\u2019integrazione scolastica dei bambini disabili; per la gradualit\u00e0 e la semplicit\u00e0 in quanto facilita l\u2019apprendimento nei bambini affetti da ritardo mentale; per l\u2019impostazione fonematica che ben si adatta ai bambini con disturbo del linguaggio, migliorandone le abilit\u00e0 metafonologiche; per l\u2019uso del computer, in quanto vicaria i deficit motori e stimola gli aspetti percettivi, facilitando l\u2019apprendimento delle paralisi celebrali. D\u2019altro canto anche le risultanze dei ricercatori del Dipartimento di Scienze Pedagogiche evidenziano la capacit\u00e0 del metodo di coinvolgere il bambino sul piano motivazionale e della partecipazione contribuendo a stimolare lo spirito di gruppo e di squadra e ad alimentare la curiosit\u00e0 e lo stupore.<\/p>\n<p><strong>Oggi il Metodo, grazie alla collaborazione dei rispettivi Uffici Scolastici regionali \u00e8 conosciuto in quasi tutta Italia e sono numerosissime le scuole che lo hanno adottato e continuano ad adottarlo.<\/strong><\/p>\n<p>La possibilit\u00e0 del metodo di <em>fare insieme agli altri<\/em>, di partecipare alle stesse attivit\u00e0 dei compagni attraverso opportuni adattamenti, rientra tra i significati dell\u2019integrazione scolastica; per fare questo occorre che gli insegnanti imparino a programmare le attivit\u00e0, in modo che queste possano essere svolte in modi individualizzati attraverso una differenziazione-\u00adcalibrazione degli obiettivi, dei contenuti, dei metodi.<\/p>\n<p>Ha come punto di partenza l\u2019analisi della singola lettera che per\u00f2 \u00e8 legata alla storia della stessa; poi dalla singola storia si passa al coinvolgimento globale del bambino. (emotivo, gestuale, sensoriale, linguistico, motivazionale, ludico, cognitivo, affettivo) E\u2019 un nuovo metodo misto (analitico\/sintetico) che assume la storia, il racconto come punto globale d\u2019incontro di tutte le molteplici sollecitazioni mentali ed emotive presenti nel bambino nel momento in cui impara e leggere e a scrivere.<\/p>\n<p>Il metodo coniuga, in modo semplice e naturale, la sfera dell\u2019immaginazione, della fantasia, dell\u2019affettivit\u00e0 <em>(l\u2019importanza dell\u2019affettivit\u00e0 in Olive Decroly)<\/em> con la realt\u00e0 del bambino, che \u00e8 tecnologica<\/p>\n<p>Il maestro-computeraio supera il vecchio approccio visivo alla conoscenza delle lettere attraverso l\u2019alfabetiere consentendo, con il racconto delle storie, presentate anche sullo schermo con musiche ed animazione <em>(il rinforzo di Skinner)<\/em>, un\u2019immediata interiorizzazione della forma della pronuncia e del significato della lettera.<\/p>\n<p><strong>Il Globalismo affettivo, legando ogni lettera a una storia, fa leva sulle emozioni, sugli affetti del bambino<\/strong> <em>(il ricordo legato alle emozioni in Daniel Goleman).<\/em><\/p>\n<p><strong>Nel Metodo Montessori il maestro assume una funzione importante, gli occorrono qualit\u00e0 eccellenti, non solo di preparazione ma di formazione spirituale; anche all\u2019interno del metodo del Globalismo Affettivo il Computeraio deve possedere capacit\u00e0 comunicative, di drammatizzazione per cercare di stupire, di incantare, di appassionare il bambino<\/strong><strong>\u2026\u00bb<span style=\"color: #ff0000;\"><a style=\"color: #ff0000;\" href=\"#_ftn2\" name=\"_ftnref2\"><strong>[2]<\/strong><\/a><\/span><\/strong><\/p>\n<p>E cosi come il materiale montessoriano permette l\u2019autovalutazione del bambino anche i software del Globalismo Affettivo hanno lo stesso scopo stimolare e sviluppare le sue potenzialit\u00e0.<\/p>\n<p><strong>Il globalismo affettivo cerca di operare una mediazione tra la tradizione romantica e la pedagogia montessoriana<\/strong>, tra il gioco e il lavoro precostituito con l\u2019ausilio di dettagliati e specifici materiali, tra gioco ed impegno scolastico.<\/p>\n<p>&nbsp;<\/p>\n<p>UNA INTRODUZIONE AL METODO: QUANDO LE LETTERE DIVENTANO AMICHE<\/p>\n<p>di Vito De Lillo<\/p>\n<p>&nbsp;<\/p>\n<p>La fantasia \u00e8 quella che permette al bambino di ascoltare e rispondere a qualsiasi oggetto con cui sta giocando. Per lui \u00e8 facilissimo interloquire con bambole, pupazzi e quant\u2019altro o diventare pilota di un piccolo aereo di plastica a cui fa disegnare, sfrecciando nell\u2019aria, pericolose traiettorie, o anche diventare pilota di avveniristiche moto da corsa.<\/p>\n<p>La fantasia gli permette, ogni qual volta lo desideri, di spiccare il volo e di librare leggero in un mondo in cui diventa protagonista e nel quale pu\u00f2 acquisire pi\u00f9 sicurezza risolvendo ostacoli che lui stesso crea.<\/p>\n<p>Ogni bambino, durante questo \u201cgioco\u201d che si avvia naturalmente, crea un rapporto di simpatia con l\u2019oggetto con cui sta divertendosi perch\u00e9 gli consente di realizzare e vivere avventure \u201cemozionanti\u201d che riesce a gestire e governare.<\/p>\n<p><strong>Queste esperienze fantastiche proprio perch\u00e9 sollecitano fortemente la sfera emotiva si ancorano saldamente nella coscienza del bambino divenendo elemento fortemente attrattivo e piacevole. <\/strong><\/p>\n<p>Le situazioni che il bambino crea in queste sue imprese fantastiche, si poggiano per lo pi\u00f9 su informazioni e dati che provengono dal mondo reale in cui egli vive.<\/p>\n<p><strong>Pur non interrompendo il rapporto con il reale, il bambino in questa sua proiezione fantastica si sente protagonista, sicuro e libero da ogni paura, incertezza, fallimento\u2026<\/strong><\/p>\n<p>Ritornato nel reale, desideroso di arricchire il suo bagaglio esperienziale, ritorna ad osservare tutto ci\u00f2 che lo circonda e a chiedere il perch\u00e9 di ogni cosa.\u00a0 Ha un forte bisogno di accumulare informazioni e i dati che ottiene si saldano maggiormente nella sua coscienza se riescono ad avere senso e significato.<\/p>\n<p>Nell\u2019apprendere, l\u2019uomo, sin da tenera et\u00e0, infatti, ha bisogno di \u201cdare senso e significato\u201d a tutto ci\u00f2 che lo circonda e l\u2019apprendimento \u00e8 permanente e spontaneo solo se riesce a dare una giusta e appropriata correlazione a qualsiasi informazione.<\/p>\n<p><strong>Anche la tecnologia esercita un enorme fascino sul bambino e non possiamo ignorarla durante la fase dell\u2019apprendimento.<\/strong> Il computer, se usato in maniera corretta, pu\u00f2 facilitare l\u2019apprendimento\u00a0\u00a0 rinforzando e approfondendo determinate conoscenze.<\/p>\n<p>Il Globalismo Affettivo, nell\u2019 intento di avviare i bambini, sin da tre anni alla lettura e scrittura, tiene conto delle osservazioni fin qui descritte conducendo il bambino alla conoscenza delle LETTERE dell\u2019alfabeto attraverso la Fantasia e la Tecnologia.<\/p>\n<p><strong>Mi \u00e8 stato chiaro, sin dall\u2019inizio, che i bambini, per poter stabilire con le LETTERE, un rapporto piacevole e persino amichevole dovessero dare \u201csenso e significato\u201d alla loro forma<\/strong><a href=\"#_ftn1\" name=\"_ftnref1\">[1]<\/a>\/<a href=\"#_ftn2\" name=\"_ftnref2\">[2]<\/a>. Dovevano quindi comprendere, prima ancora di scoprire a cosa servissero, il perch\u00e9 ognuna di loro avesse quella forma. In sostanza occorreva spiegare perch\u00e9 la \u201cA\u201d va Su, Gi\u00f9 e poi si unisce, perch\u00e9 la \u201cB\u201d ha due pance e cos\u00ec di seguito.<\/p>\n<p>Per risolvere questo problema la strada era necessariamente quella di <strong>umanizzare le Lettere rendendole vive e permettendo ai bambini di farle rinascere.<\/strong><\/p>\n<p>Attraverso la fantasia non solo i personaggi principali delle varie \u201cstorie\u201d ma tutti i bambini della classe diventano, ogni volta, protagonisti attivi e hanno modo di portare avanti il singolo racconto fino alla nascita della\u00a0\u00a0 Lettera.<\/p>\n<p>Ogni volta l\u2019aula si trasformer\u00e0 in palcoscenico e l\u2019insegnante assumer\u00e0 il ruolo del \u201ctrascinatore\u201d, del regista, dell\u2019incantatore, della Fatina letterina, della Computeraia, del Mago\u2026 capace di destare l\u2019attenzione, di coinvolgere, di meravigliare e di trascinare i bambini a vivere una esperienza fantastica che li vedr\u00e0 impegnati ad ascoltare, a comunicare, a interagire con gli altri divertendosi e imparando.<\/p>\n<p>Alla fine di questo gioco, ricco di sequenze narrative in cui ogni bambino potr\u00e0 esprimere s\u00e9 stesso scoprendo le proprie potenzialit\u00e0 e arricchendosi sempre di nuove capacit\u00e0, nascer\u00e0 la LETTERA, configurandosi nettamente nella sua forma reale.<\/p>\n<p>In quel momento i bambini comprendono perch\u00e9 la lettera \u201cA\u201d ha quella forma e tutti ne giustificano l\u2019essenza perch\u00e9 ne conoscono l\u2019origine che loro stessi hanno avuto modo di generare.<\/p>\n<p>La decodificazione del simbolo sar\u00e0 immediata in quanto \u00e8 collegabile ad una esperienza fantastica vissuta in aula assieme ai loro compagni e all\u2019insegnante; un\u2019esperienza che ha sollecitato in maniera significativa la sfera affettiva ed emotiva.<\/p>\n<p><a href=\"https:\/\/borgione.kleecks-cdn.com\/blog\/wp-content\/uploads\/2017\/06\/one.jpg\"><img decoding=\"async\" class=\"aligncenter size-large wp-image-2060\" src=\"https:\/\/borgione.kleecks-cdn.com\/blog\/wp-content\/uploads\/2017\/06\/one-1024x269.jpg\" alt=\"one\" width=\"730\" height=\"192\" srcset=\"https:\/\/www.borgione.it\/blog\/wp-content\/uploads\/2017\/06\/one-1024x269.jpg%201024w,%20https:\/blog.borgione.it\/wp-content\/uploads\/2017\/06\/one-300x79.jpg%20300w,%20https:\/blog.borgione.it\/wp-content\/uploads\/2017\/06\/one.jpg%201984w\" sizes=\"(max-width: 730px) 100vw, 730px\" \/><\/a><\/p>\n<p>Ogni lettera che nasce fa crescere i bambini in molteplici canali: senso-percettivi, relazionali ed intellettivi.<\/p>\n<p><strong>I bambini, infatti, stanno al gioco rispettandone le regole,<\/strong> <strong>attendono con gioia l\u2019avvio del racconto <\/strong><strong>,<\/strong><strong> vedono e osservano incantati, ascoltano piacevolmente incuriositi, si affezionano alla lettere che considerano amiche e raccontano le storie vissute, con entusiasmo e naturalezza<\/strong>. Disegnano nell\u2019aria le lettere con un pennello magico, raccontano graficamente e colorano le varie sequenze, cantano la nascita di ciascuna lettera, scrivono le lettere con il corpo, associano le lettere alle storie, riproducono le lettere, memorizzano le lettere, ascoltano i singoli suoni che compongono parole, scrivono parole\u2026<\/p>\n<p>Gli strumenti tecnologici utilizzati<a href=\"#_ftn3\" name=\"_ftnref3\">[3]<\/a>, permettono non solo di ritornare su quanto appreso in aula durante quel viaggio fantastico ma soprattutto di approfondire le conoscenze acquisite per essere in grado, poi, di sviluppare e rinforzare la comunicazione verbale, la sicurezza in s\u00e9 stessi, la interazione con gli altri, il rispetto delle regole, la capacit\u00e0 di apprendere e infine di avviarsi alla lettura e scrittura in maniera naturale e senza alcuno sforzo.<\/p>\n<p><strong>Fantasia e Tecnologia cos\u00ec assemblati diventano un mixer esplosivo, un fortissimo ed efficace strumento utile a suscitare interesse e a motivare il bambino a fare, ad agire, a partecipare, a cimentarsi e a vivere con gli altri momenti di grande attrazione con grande entusiasmo e\u00a0\u00a0 collaborazione attiva.<\/strong><\/p>\n<p><strong>\u00a0<a href=\"https:\/\/borgione.kleecks-cdn.com\/blog\/wp-content\/uploads\/2017\/06\/two.jpg\"><img decoding=\"async\" class=\"aligncenter size-large wp-image-2061\" src=\"https:\/\/borgione.kleecks-cdn.com\/blog\/wp-content\/uploads\/2017\/06\/two-1024x291.jpg\" alt=\"TWO\" width=\"730\" height=\"207\" srcset=\"https:\/\/www.borgione.it\/blog\/wp-content\/uploads\/2017\/06\/two-1024x291.jpg%201024w,%20https:\/blog.borgione.it\/wp-content\/uploads\/2017\/06\/two-300x85.jpg%20300w,%20https:\/blog.borgione.it\/wp-content\/uploads\/2017\/06\/two.jpg%201770w\" sizes=\"(max-width: 730px) 100vw, 730px\" \/><\/a><\/strong><\/p>\n<p>Fantasia e Tecnologia permettono alle LETTERE, attraverso il Metodo del Globalismo Affettivo, di divenire strumento di GIOCO.<br \/>\nOgnuna di esse porta con s\u00e9 un ricordo piacevole inciso saldamente nella sfera affettiva ed emotiva del bambino, ognuna di esse diventa giocattolo componibile con altre attraverso il Gioco del Robot che consente ai bambini sin dai tre anni di leggere con le orecchie e subito dopo di scrivere con i suoni.<a href=\"#_ftn4\" name=\"_ftnref4\">[4]<\/a><\/p>\n<p>&nbsp;<\/p>\n<p><a href=\"https:\/\/borgione.kleecks-cdn.com\/blog\/wp-content\/uploads\/2015\/11\/anpe.jpg\"><img decoding=\"async\" class=\"size-full wp-image-845 alignleft\" src=\"https:\/\/borgione.kleecks-cdn.com\/blog\/wp-content\/uploads\/2015\/11\/anpe.jpg\" alt=\"anpe\" width=\"100\" height=\"70\" \/><\/a><\/p>\n<p>&nbsp;<\/p>\n<p>&nbsp;<\/p>\n<p>&nbsp;<\/p>\n<p><strong>Luisa Verdoscia<\/strong><\/p>\n<p><em>Dirigente Scolastico\u00a0 e Vice Presidente Nazionale ANPE<\/em><\/p>\n<p>&nbsp;<\/p>\n<p><span style=\"color: #ff0000;\"><a style=\"color: #ff0000;\" href=\"#_ftnref1\" name=\"_ftn1\">[1]<\/a>\u00a0<\/span>\u00a0\u00a0\u00a0\u00a0\u00a0\u00a0\u00a0\u00a0\u00a0\u00a0\u00a0\u00a0 Globalismo Affettivo, La storia le pratiche e la validazione a cura di Luisa Verdoscia, A.A. V.V.\u00a0 Wip edizione 2017 Bari<\/p>\n<p><span style=\"color: #ff0000;\"><a style=\"color: #ff0000;\" href=\"#_ftnref2\" name=\"_ftn2\">[2]<\/a>\u00a0<\/span>\u00a0\u00a0\u00a0\u00a0\u00a0\u00a0\u00a0\u00a0 Atti documentali della sperimentazione del Progetto \u201cGlobalismo Affettivo\u201d A.A.(Prof.ssa Luisa Verdoscia Dirigente Scolastico e Vice Presidente nazionale dell\u2019ANPE,Associazione Nazionale Pedagogisti), A. 2010, Mario Adda Editore, Bari.<\/p>\n<p><a href=\"#_ftnref1\" name=\"_ftn1\">[1]<\/a>\u00a0\u00a0\u00a0\u00a0\u00a0\u00a0\u00a0\u00a0\u00a0\u00a0\u00a0\u00a0\u00a0 I Racconti delle Lettere di Vito De Lillo &#8211; Mario Adda Editore &#8211; Bari<\/p>\n<p><a href=\"#_ftnref2\" name=\"_ftn2\">[2]<\/a>\u00a0\u00a0\u00a0\u00a0\u00a0\u00a0\u00a0\u00a0\u00a0\u00a0\u00a0\u00a0\u00a0 \u201cGlobalismo Affettivo. Il Metodo\u201d di Vito De Lillo-Mario Adda Editore<\/p>\n<p><a href=\"#_ftnref3\" name=\"_ftn3\">[3]<\/a>\u00a0\u00a0\u00a0\u00a0\u00a0\u00a0\u00a0\u00a0\u00a0\u00a0\u00a0\u00a0\u00a0 Molteplici sono i software multimediali, ideati e realizzati dall\u2019autore: Cd Rom: I Racconti delle Lettere, Lettere e Immagini, Anima Parole, Alfabetiamo, Scegli la lettera e canta, Gioco tra lettere e numeri, Laboratorio X.<\/p>\n<p><a href=\"#_ftnref4\" name=\"_ftn4\">[4]<\/a>\u00a0\u00a0\u00a0\u00a0\u00a0\u00a0\u00a0\u00a0\u00a0\u00a0\u00a0\u00a0\u00a0 \u201cGlobalismo Affettivo. Il Metodo\u201d di Vito De Lillo-Mario Adda Editore<\/p>\n<p>&nbsp;<\/p>\n<p>&nbsp;<\/p>\n<p>&nbsp;<\/p>\n<p><a href=\"#_ftnref1\" name=\"_ftn1\"><\/a><\/p>\n","protected":false},"excerpt":{"rendered":"<p>\u201cLa fantasia \u00e8 quella che permette al bambino di ascoltare e rispondere a qualsiasi oggetto con cui sta giocando.\u201d Vito De Lillo (autore del Globalismo Affettivo) &nbsp; Da subito ho intravisto l\u2019efficacia e la valenza pedagogica del Metodo del Globalismo Affettivo\u00a0\u00a0 rivolto ai bambini di 4 e 5 anni, frequentanti la scuola dell\u2019infanzia, ben costruito [&hellip;]<\/p>\n","protected":false},"author":4,"featured_media":2072,"comment_status":"open","ping_status":"open","sticky":false,"template":"","format":"standard","meta":{"_genesis_hide_title":false,"_genesis_hide_breadcrumbs":false,"_genesis_hide_singular_image":false,"_genesis_hide_footer_widgets":false,"_genesis_custom_body_class":"","_genesis_custom_post_class":"","_genesis_layout":"","footnotes":""},"categories":[16,7,1],"tags":[21,317,165,19],"class_list":{"0":"post-2057","1":"post","2":"type-post","3":"status-publish","4":"format-standard","5":"has-post-thumbnail","7":"category-scuola","8":"category-pedagogia","9":"category-notizie","10":"tag-anpe","11":"tag-globalismo","12":"tag-montessori","13":"tag-pedagogia-2","14":"entry"},"yoast_head":"<!-- This site is optimized with the Yoast SEO plugin v27.4 - https:\/\/yoast.com\/product\/yoast-seo-wordpress\/ -->\n<title>Il Metodo del Globalismo Affettivo - Blog - Borgione Centro Didattico<\/title>\n<meta name=\"robots\" content=\"index, follow, max-snippet:-1, max-image-preview:large, max-video-preview:-1\" \/>\n<link rel=\"canonical\" href=\"https:\/\/www.borgione.it\/blog\/il-metodo-del-globalismo-affettivo\/\" \/>\n<meta property=\"og:locale\" content=\"it_IT\" \/>\n<meta property=\"og:type\" content=\"article\" \/>\n<meta property=\"og:title\" content=\"Il Metodo del Globalismo Affettivo - Blog - Borgione Centro Didattico\" \/>\n<meta property=\"og:description\" content=\"\u201cLa fantasia \u00e8 quella che permette al bambino di ascoltare e rispondere a qualsiasi oggetto con cui sta giocando.\u201d Vito De Lillo (autore del Globalismo Affettivo) &nbsp; Da subito ho intravisto l\u2019efficacia e la valenza pedagogica del Metodo del Globalismo Affettivo\u00a0\u00a0 rivolto ai bambini di 4 e 5 anni, frequentanti la scuola dell\u2019infanzia, ben costruito [&hellip;]\" \/>\n<meta property=\"og:url\" content=\"https:\/\/www.borgione.it\/blog\/il-metodo-del-globalismo-affettivo\/\" \/>\n<meta property=\"og:site_name\" content=\"Blog - Borgione Centro Didattico\" \/>\n<meta property=\"article:published_time\" content=\"2017-07-12T09:18:05+00:00\" \/>\n<meta property=\"article:modified_time\" content=\"2021-11-04T08:26:41+00:00\" \/>\n<meta property=\"og:image\" content=\"https:\/\/borgione.kleecks-cdn.com\/blog\/wp-content\/uploads\/2017\/07\/globalismo.jpg\" \/>\n\t<meta property=\"og:image:width\" content=\"1000\" \/>\n\t<meta property=\"og:image:height\" content=\"566\" \/>\n\t<meta property=\"og:image:type\" content=\"image\/jpeg\" \/>\n<meta name=\"author\" content=\"ANPE- Associazione Nazionale dei Pedagogisti Italiani\" \/>\n<meta name=\"twitter:card\" content=\"summary_large_image\" \/>\n<meta name=\"twitter:label1\" content=\"Written by\" \/>\n\t<meta name=\"twitter:data1\" content=\"ANPE- Associazione Nazionale dei Pedagogisti Italiani\" \/>\n\t<meta name=\"twitter:label2\" content=\"Est. reading time\" \/>\n\t<meta name=\"twitter:data2\" content=\"9 minuti\" \/>\n<script type=\"application\/ld+json\" class=\"yoast-schema-graph\">{\"@context\":\"https:\\\/\\\/schema.org\",\"@graph\":[{\"@type\":\"Article\",\"@id\":\"https:\\\/\\\/www.borgione.it\\\/blog\\\/il-metodo-del-globalismo-affettivo#article\",\"isPartOf\":{\"@id\":\"https:\\\/\\\/www.borgione.it\\\/blog\\\/il-metodo-del-globalismo-affettivo\\\/\"},\"author\":{\"name\":\"ANPE- Associazione Nazionale dei Pedagogisti Italiani\",\"@id\":\"https:\\\/\\\/www.borgione.it\\\/blog\\\/#\\\/schema\\\/person\\\/11c315b5bae91e570337949ce3566025\"},\"headline\":\"Il Metodo del Globalismo Affettivo\",\"datePublished\":\"2017-07-12T09:18:05+00:00\",\"dateModified\":\"2021-11-04T08:26:41+00:00\",\"mainEntityOfPage\":{\"@id\":\"https:\\\/\\\/www.borgione.it\\\/blog\\\/il-metodo-del-globalismo-affettivo\\\/\"},\"wordCount\":1780,\"commentCount\":2,\"image\":{\"@id\":\"https:\\\/\\\/www.borgione.it\\\/blog\\\/il-metodo-del-globalismo-affettivo#primaryimage\"},\"thumbnailUrl\":\"https:\\\/\\\/borgione.kleecks-cdn.com\\\/blog\\\/wp-content\\\/uploads\\\/2017\\\/07\\\/globalismo.jpg\",\"keywords\":[\"ANPE\",\"globalismo\",\"montessori\",\"pedagogia\"],\"articleSection\":[\"Angolo del Docente\",\"Angolo del Terapista\",\"Notizie\"],\"inLanguage\":\"it-IT\",\"potentialAction\":[{\"@type\":\"CommentAction\",\"name\":\"Comment\",\"target\":[\"https:\\\/\\\/www.borgione.it\\\/blog\\\/il-metodo-del-globalismo-affettivo#respond\"]}]},{\"@type\":\"WebPage\",\"@id\":\"https:\\\/\\\/www.borgione.it\\\/blog\\\/il-metodo-del-globalismo-affettivo\\\/\",\"url\":\"https:\\\/\\\/www.borgione.it\\\/blog\\\/il-metodo-del-globalismo-affettivo\\\/\",\"name\":\"Il Metodo del Globalismo Affettivo - Blog - Borgione Centro Didattico\",\"isPartOf\":{\"@id\":\"https:\\\/\\\/www.borgione.it\\\/blog\\\/#website\"},\"primaryImageOfPage\":{\"@id\":\"https:\\\/\\\/www.borgione.it\\\/blog\\\/il-metodo-del-globalismo-affettivo#primaryimage\"},\"image\":{\"@id\":\"https:\\\/\\\/www.borgione.it\\\/blog\\\/il-metodo-del-globalismo-affettivo#primaryimage\"},\"thumbnailUrl\":\"https:\\\/\\\/borgione.kleecks-cdn.com\\\/blog\\\/wp-content\\\/uploads\\\/2017\\\/07\\\/globalismo.jpg\",\"datePublished\":\"2017-07-12T09:18:05+00:00\",\"dateModified\":\"2021-11-04T08:26:41+00:00\",\"author\":{\"@id\":\"https:\\\/\\\/www.borgione.it\\\/blog\\\/#\\\/schema\\\/person\\\/11c315b5bae91e570337949ce3566025\"},\"breadcrumb\":{\"@id\":\"https:\\\/\\\/www.borgione.it\\\/blog\\\/il-metodo-del-globalismo-affettivo#breadcrumb\"},\"inLanguage\":\"it-IT\",\"potentialAction\":[{\"@type\":\"ReadAction\",\"target\":[\"https:\\\/\\\/www.borgione.it\\\/blog\\\/il-metodo-del-globalismo-affettivo\\\/\"]}]},{\"@type\":\"ImageObject\",\"inLanguage\":\"it-IT\",\"@id\":\"https:\\\/\\\/www.borgione.it\\\/blog\\\/il-metodo-del-globalismo-affettivo#primaryimage\",\"url\":\"https:\\\/\\\/borgione.kleecks-cdn.com\\\/blog\\\/wp-content\\\/uploads\\\/2017\\\/07\\\/globalismo.jpg\",\"contentUrl\":\"https:\\\/\\\/borgione.kleecks-cdn.com\\\/blog\\\/wp-content\\\/uploads\\\/2017\\\/07\\\/globalismo.jpg\",\"width\":1000,\"height\":566},{\"@type\":\"BreadcrumbList\",\"@id\":\"https:\\\/\\\/www.borgione.it\\\/blog\\\/il-metodo-del-globalismo-affettivo#breadcrumb\",\"itemListElement\":[{\"@type\":\"ListItem\",\"position\":1,\"name\":\"Home\",\"item\":\"https:\\\/\\\/www.borgione.it\\\/blog\\\/\"},{\"@type\":\"ListItem\",\"position\":2,\"name\":\"Il Metodo del Globalismo Affettivo\"}]},{\"@type\":\"WebSite\",\"@id\":\"https:\\\/\\\/www.borgione.it\\\/blog\\\/#website\",\"url\":\"https:\\\/\\\/www.borgione.it\\\/blog\\\/\",\"name\":\"Blog - Borgione Centro Didattico\",\"description\":\"\",\"potentialAction\":[{\"@type\":\"SearchAction\",\"target\":{\"@type\":\"EntryPoint\",\"urlTemplate\":\"https:\\\/\\\/www.borgione.it\\\/blog\\\/?s=%7Bsearch_term_string%7D\"},\"query-input\":{\"@type\":\"PropertyValueSpecification\",\"valueRequired\":true,\"valueName\":\"search_term_string\"}}],\"inLanguage\":\"it-IT\"},{\"@type\":\"Person\",\"@id\":\"https:\\\/\\\/www.borgione.it\\\/blog\\\/#\\\/schema\\\/person\\\/11c315b5bae91e570337949ce3566025\",\"name\":\"ANPE- Associazione Nazionale dei Pedagogisti Italiani\",\"sameAs\":[\"http:\\\/\\\/www.anpe.it\\\/\"],\"url\":\"https:\\\/\\\/www.borgione.it\\\/blog\\\/author\\\/anpe-associazione-nazionale-dei-pedagogisti-italia\\\/\"}]}<\/script>\n<!-- \/ Yoast SEO plugin. -->","yoast_head_json":{"title":"Il Metodo del Globalismo Affettivo - Blog - Borgione Centro Didattico","robots":{"index":"index","follow":"follow","max-snippet":"max-snippet:-1","max-image-preview":"max-image-preview:large","max-video-preview":"max-video-preview:-1"},"canonical":"https:\/\/www.borgione.it\/blog\/il-metodo-del-globalismo-affettivo\/","og_locale":"it_IT","og_type":"article","og_title":"Il Metodo del Globalismo Affettivo - Blog - Borgione Centro Didattico","og_description":"\u201cLa fantasia \u00e8 quella che permette al bambino di ascoltare e rispondere a qualsiasi oggetto con cui sta giocando.\u201d Vito De Lillo (autore del Globalismo Affettivo) &nbsp; Da subito ho intravisto l\u2019efficacia e la valenza pedagogica del Metodo del Globalismo Affettivo\u00a0\u00a0 rivolto ai bambini di 4 e 5 anni, frequentanti la scuola dell\u2019infanzia, ben costruito [&hellip;]","og_url":"https:\/\/www.borgione.it\/blog\/il-metodo-del-globalismo-affettivo\/","og_site_name":"Blog - Borgione Centro Didattico","article_published_time":"2017-07-12T09:18:05+00:00","article_modified_time":"2021-11-04T08:26:41+00:00","og_image":[{"width":1000,"height":566,"url":"https:\/\/borgione.kleecks-cdn.com\/blog\/wp-content\/uploads\/2017\/07\/globalismo.jpg","type":"image\/jpeg"}],"author":"ANPE- Associazione Nazionale dei Pedagogisti Italiani","twitter_card":"summary_large_image","twitter_misc":{"Written by":"ANPE- Associazione Nazionale dei Pedagogisti Italiani","Est. reading time":"9 minuti"},"schema":{"@context":"https:\/\/schema.org","@graph":[{"@type":"Article","@id":"https:\/\/www.borgione.it\/blog\/il-metodo-del-globalismo-affettivo#article","isPartOf":{"@id":"https:\/\/www.borgione.it\/blog\/il-metodo-del-globalismo-affettivo\/"},"author":{"name":"ANPE- Associazione Nazionale dei Pedagogisti Italiani","@id":"https:\/\/www.borgione.it\/blog\/#\/schema\/person\/11c315b5bae91e570337949ce3566025"},"headline":"Il Metodo del Globalismo Affettivo","datePublished":"2017-07-12T09:18:05+00:00","dateModified":"2021-11-04T08:26:41+00:00","mainEntityOfPage":{"@id":"https:\/\/www.borgione.it\/blog\/il-metodo-del-globalismo-affettivo\/"},"wordCount":1780,"commentCount":2,"image":{"@id":"https:\/\/www.borgione.it\/blog\/il-metodo-del-globalismo-affettivo#primaryimage"},"thumbnailUrl":"https:\/\/borgione.kleecks-cdn.com\/blog\/wp-content\/uploads\/2017\/07\/globalismo.jpg","keywords":["ANPE","globalismo","montessori","pedagogia"],"articleSection":["Angolo del Docente","Angolo del Terapista","Notizie"],"inLanguage":"it-IT","potentialAction":[{"@type":"CommentAction","name":"Comment","target":["https:\/\/www.borgione.it\/blog\/il-metodo-del-globalismo-affettivo#respond"]}]},{"@type":"WebPage","@id":"https:\/\/www.borgione.it\/blog\/il-metodo-del-globalismo-affettivo\/","url":"https:\/\/www.borgione.it\/blog\/il-metodo-del-globalismo-affettivo\/","name":"Il Metodo del Globalismo Affettivo - Blog - Borgione Centro Didattico","isPartOf":{"@id":"https:\/\/www.borgione.it\/blog\/#website"},"primaryImageOfPage":{"@id":"https:\/\/www.borgione.it\/blog\/il-metodo-del-globalismo-affettivo#primaryimage"},"image":{"@id":"https:\/\/www.borgione.it\/blog\/il-metodo-del-globalismo-affettivo#primaryimage"},"thumbnailUrl":"https:\/\/borgione.kleecks-cdn.com\/blog\/wp-content\/uploads\/2017\/07\/globalismo.jpg","datePublished":"2017-07-12T09:18:05+00:00","dateModified":"2021-11-04T08:26:41+00:00","author":{"@id":"https:\/\/www.borgione.it\/blog\/#\/schema\/person\/11c315b5bae91e570337949ce3566025"},"breadcrumb":{"@id":"https:\/\/www.borgione.it\/blog\/il-metodo-del-globalismo-affettivo#breadcrumb"},"inLanguage":"it-IT","potentialAction":[{"@type":"ReadAction","target":["https:\/\/www.borgione.it\/blog\/il-metodo-del-globalismo-affettivo\/"]}]},{"@type":"ImageObject","inLanguage":"it-IT","@id":"https:\/\/www.borgione.it\/blog\/il-metodo-del-globalismo-affettivo#primaryimage","url":"https:\/\/borgione.kleecks-cdn.com\/blog\/wp-content\/uploads\/2017\/07\/globalismo.jpg","contentUrl":"https:\/\/borgione.kleecks-cdn.com\/blog\/wp-content\/uploads\/2017\/07\/globalismo.jpg","width":1000,"height":566},{"@type":"BreadcrumbList","@id":"https:\/\/www.borgione.it\/blog\/il-metodo-del-globalismo-affettivo#breadcrumb","itemListElement":[{"@type":"ListItem","position":1,"name":"Home","item":"https:\/\/www.borgione.it\/blog\/"},{"@type":"ListItem","position":2,"name":"Il Metodo del Globalismo Affettivo"}]},{"@type":"WebSite","@id":"https:\/\/www.borgione.it\/blog\/#website","url":"https:\/\/www.borgione.it\/blog\/","name":"Blog - Borgione Centro Didattico","description":"","potentialAction":[{"@type":"SearchAction","target":{"@type":"EntryPoint","urlTemplate":"https:\/\/www.borgione.it\/blog\/?s=%7Bsearch_term_string%7D"},"query-input":{"@type":"PropertyValueSpecification","valueRequired":true,"valueName":"search_term_string"}}],"inLanguage":"it-IT"},{"@type":"Person","@id":"https:\/\/www.borgione.it\/blog\/#\/schema\/person\/11c315b5bae91e570337949ce3566025","name":"ANPE- Associazione Nazionale dei Pedagogisti Italiani","sameAs":["http:\/\/www.anpe.it\/"],"url":"https:\/\/www.borgione.it\/blog\/author\/anpe-associazione-nazionale-dei-pedagogisti-italia\/"}]}},"_links":{"self":[{"href":"https:\/\/www.borgione.it\/blog\/wp-json\/wp\/v2\/posts\/2057","targetHints":{"allow":["GET"]}}],"collection":[{"href":"https:\/\/www.borgione.it\/blog\/wp-json\/wp\/v2\/posts"}],"about":[{"href":"https:\/\/www.borgione.it\/blog\/wp-json\/wp\/v2\/types\/post"}],"author":[{"embeddable":true,"href":"https:\/\/www.borgione.it\/blog\/wp-json\/wp\/v2\/users\/4"}],"replies":[{"embeddable":true,"href":"https:\/\/www.borgione.it\/blog\/wp-json\/wp\/v2\/comments?post=2057"}],"version-history":[{"count":3,"href":"https:\/\/www.borgione.it\/blog\/wp-json\/wp\/v2\/posts\/2057\/revisions"}],"predecessor-version":[{"id":2062,"href":"https:\/\/www.borgione.it\/blog\/wp-json\/wp\/v2\/posts\/2057\/revisions\/2062"}],"wp:featuredmedia":[{"embeddable":true,"href":"https:\/\/www.borgione.it\/blog\/wp-json\/wp\/v2\/media\/2072"}],"wp:attachment":[{"href":"https:\/\/www.borgione.it\/blog\/wp-json\/wp\/v2\/media?parent=2057"}],"wp:term":[{"taxonomy":"category","embeddable":true,"href":"https:\/\/www.borgione.it\/blog\/wp-json\/wp\/v2\/categories?post=2057"},{"taxonomy":"post_tag","embeddable":true,"href":"https:\/\/www.borgione.it\/blog\/wp-json\/wp\/v2\/tags?post=2057"}],"curies":[{"name":"wp","href":"https:\/\/api.w.org\/{rel}","templated":true}]}}