{"id":1180,"date":"2016-03-01T12:00:04","date_gmt":"2016-03-01T11:00:04","guid":{"rendered":"https:\/\/www.borgione.it\/blog?p=1180"},"modified":"2021-11-04T09:29:30","modified_gmt":"2021-11-04T08:29:30","slug":"bullismo-non-mi-fai-paura","status":"publish","type":"post","link":"https:\/\/www.borgione.it\/blog\/bullismo-non-mi-fai-paura\/","title":{"rendered":"Bullismo. Non mi fai&#8230;paura."},"content":{"rendered":"<p>Ogni volta che vedo alla televisione episodi di bullismo o leggo notizie sui giornali, provo rabbia e anche un po&#8217; di tristezza.Si tristezza, perch\u00e8 se mi fermo a riflettere, penso che dietro a questi comportamenti ci sia un solo e unico sentimento..la paura.E non mi riferisco solo alla paura che prova la cosidetta \u201cvittima\u201d, ossia chi subisce gli atti di bullismo, ma anche la paura di chi compie queste azioni, ossia il bullo..si tratta di una paura collettiva.<\/p>\n<p><strong>E allora guardiamola questa paura!<\/strong><\/p>\n<p><strong>Di cosa abbiamo paura?<\/strong> Di non piacere abbastanza, di non emergere davanti agli altri, di non essere accettati dagli amici&#8230;si, perch\u00e8 far valere la propria forza con azioni violente, mettere in ridicolo il prossimo, emergere screditando gli altri..significa avere paura.Ed \u00e8 giusto avere paura, tutta la nostra vita \u00e8 accompagnata dalle paure, che bello avere paura! E allora proviamo a pensare alla paura come una risorsa, che scatena la nostra creativit\u00e0, il nostro ingegno, per trovare nuove soluzioni. Perch\u00e8 sprecare tutto questo per attivare comportamenti scorretti?<\/p>\n<p><strong>E noi adulti, non possiamo affrontare il bullismo parlando di&#8230;bullismo.<\/strong> Parliamo di affettivit\u00e0, emozioni&#8230;perch\u00e8 come pedagogista e come mamma sento profonda crisi educativa rispetto questi temi, che sono temi importanti sin dalla pi\u00f9 tenera et\u00e0. Rabbia, paura, frustrazione&#8230;sono emozioni che culturalmente connotiamo come negative ma che negative non sono. Dobbiamo permettere ai bambini e ai ragazzi di vivere anche queste emozioni, non possiamo negare loro sempre tutto ci\u00f2 che per noi \u00e8 negativo, perch\u00e8 saranno adulti non all&#8217;altezza di gestire nulla. La crescita \u00e8 un percorso lungo e richiede passaggi e attenzioni che non possono essere negati, anche se difficili e faticosi. Diversamente, ci troveremo ad intervenire quando certi comportamenti sono gi\u00e0 consolidati, ed \u00e8 tardi.<\/p>\n<p><strong>Bisogna accompagnare da subito ai comportamenti adeguati e da sempre abbiamo solo uno strumento a disposizione : l&#8217;educazione.<\/strong> Educare all&#8217;affettivit\u00e0, educare al dialogo, educare al confronto, educare al rispetto di se&#8230;educare. Scuole e istituzioni hanno gi\u00e0 avviato percorsi di educazione all&#8217;affettivit\u00e0 per i ragazzi e incontri per i genitori, se tutto questo rappresenta un lavoro silenzioso, che fa meno rumore delle notizie sui giornali, \u00e8 per\u00f2 molto pi\u00f9 importante ed efficace.<\/p>\n<p>Infine, penso che la crisi educativa attuale si esprima in tanti modi e credo che il bullismo non rappresenti altro che uno di questi&#8230;su questo \u00e8 doveroso invitare tutti gli adulti a riflettere. I giovani invece, devono essere invitati a credere negli adulti che fanno queste riflessioni, perch\u00e8 possono offrire loro modelli educativi e scenari diversi, nuovi e lontani da tutto ci\u00f2 che non aiuta a crescere ma solo a vivere in modo errato la propria et\u00e0, che merita di essere vissuta nel migliore dei modi, per il proprio futuro e per il futuro di tutti.<\/p>\n<p>&nbsp;<\/p>\n<p>Sonia Pagliarino<\/p>\n<p>Pedagogista ANPE<\/p>\n<p><a href=\"https:\/\/borgione.kleecks-cdn.com\/blog\/wp-content\/uploads\/2015\/11\/anpe.jpg\"><img decoding=\"async\" class=\"alignleft size-full wp-image-845\" src=\"https:\/\/borgione.kleecks-cdn.com\/blog\/wp-content\/uploads\/2015\/11\/anpe.jpg\" alt=\"anpe\" width=\"100\" height=\"70\" \/><\/a><\/p>\n","protected":false},"excerpt":{"rendered":"<p>Ogni volta che vedo alla televisione episodi di bullismo o leggo notizie sui giornali, provo rabbia e anche un po&#8217; di tristezza.Si tristezza, perch\u00e8 se mi fermo a riflettere, penso che dietro a questi comportamenti ci sia un solo e unico sentimento..la paura.E non mi riferisco solo alla paura che prova la cosidetta \u201cvittima\u201d, ossia [&hellip;]<\/p>\n","protected":false},"author":4,"featured_media":2607,"comment_status":"open","ping_status":"open","sticky":false,"template":"","format":"standard","meta":{"_genesis_hide_title":false,"_genesis_hide_breadcrumbs":false,"_genesis_hide_singular_image":false,"_genesis_hide_footer_widgets":false,"_genesis_custom_body_class":"","_genesis_custom_post_class":"","_genesis_layout":"","footnotes":""},"categories":[16,7,1],"tags":[21,175,19],"class_list":{"0":"post-1180","1":"post","2":"type-post","3":"status-publish","4":"format-standard","5":"has-post-thumbnail","7":"category-scuola","8":"category-pedagogia","9":"category-notizie","10":"tag-anpe","11":"tag-bullismo","12":"tag-pedagogia-2","13":"entry"},"yoast_head":"<!-- This site is optimized with the Yoast SEO plugin v27.4 - https:\/\/yoast.com\/product\/yoast-seo-wordpress\/ -->\n<title>Bullismo. Non mi fai...paura. - Blog - Borgione Centro Didattico<\/title>\n<meta name=\"robots\" content=\"index, follow, max-snippet:-1, max-image-preview:large, max-video-preview:-1\" \/>\n<link rel=\"canonical\" href=\"https:\/\/www.borgione.it\/blog\/bullismo-non-mi-fai-paura\/\" \/>\n<meta property=\"og:locale\" content=\"it_IT\" \/>\n<meta property=\"og:type\" content=\"article\" \/>\n<meta property=\"og:title\" content=\"Bullismo. Non mi fai...paura. - Blog - Borgione Centro Didattico\" \/>\n<meta property=\"og:description\" content=\"Ogni volta che vedo alla televisione episodi di bullismo o leggo notizie sui giornali, provo rabbia e anche un po&#8217; di tristezza.Si tristezza, perch\u00e8 se mi fermo a riflettere, penso che dietro a questi comportamenti ci sia un solo e unico sentimento..la paura.E non mi riferisco solo alla paura che prova la cosidetta \u201cvittima\u201d, ossia [&hellip;]\" \/>\n<meta property=\"og:url\" content=\"https:\/\/www.borgione.it\/blog\/bullismo-non-mi-fai-paura\/\" \/>\n<meta property=\"og:site_name\" content=\"Blog - Borgione Centro Didattico\" \/>\n<meta property=\"article:published_time\" content=\"2016-03-01T11:00:04+00:00\" \/>\n<meta property=\"article:modified_time\" content=\"2021-11-04T08:29:30+00:00\" \/>\n<meta property=\"og:image\" content=\"https:\/\/borgione.kleecks-cdn.com\/blog\/wp-content\/uploads\/2016\/03\/beautiful-316287_1280-1024x768.jpg\" \/>\n\t<meta property=\"og:image:width\" content=\"1024\" \/>\n\t<meta property=\"og:image:height\" content=\"768\" \/>\n\t<meta property=\"og:image:type\" content=\"image\/jpeg\" \/>\n<meta name=\"author\" content=\"ANPE- Associazione Nazionale dei Pedagogisti Italiani\" \/>\n<meta name=\"twitter:card\" content=\"summary_large_image\" \/>\n<meta name=\"twitter:label1\" content=\"Written by\" \/>\n\t<meta name=\"twitter:data1\" content=\"ANPE- Associazione Nazionale dei Pedagogisti Italiani\" \/>\n\t<meta name=\"twitter:label2\" content=\"Est. reading time\" \/>\n\t<meta name=\"twitter:data2\" content=\"2 minuti\" \/>\n<script type=\"application\/ld+json\" class=\"yoast-schema-graph\">{\"@context\":\"https:\\\/\\\/schema.org\",\"@graph\":[{\"@type\":\"Article\",\"@id\":\"https:\\\/\\\/www.borgione.it\\\/blog\\\/bullismo-non-mi-fai-paura#article\",\"isPartOf\":{\"@id\":\"https:\\\/\\\/www.borgione.it\\\/blog\\\/bullismo-non-mi-fai-paura\\\/\"},\"author\":{\"name\":\"ANPE- Associazione Nazionale dei Pedagogisti Italiani\",\"@id\":\"https:\\\/\\\/www.borgione.it\\\/blog\\\/#\\\/schema\\\/person\\\/11c315b5bae91e570337949ce3566025\"},\"headline\":\"Bullismo. Non mi fai&#8230;paura.\",\"datePublished\":\"2016-03-01T11:00:04+00:00\",\"dateModified\":\"2021-11-04T08:29:30+00:00\",\"mainEntityOfPage\":{\"@id\":\"https:\\\/\\\/www.borgione.it\\\/blog\\\/bullismo-non-mi-fai-paura\\\/\"},\"wordCount\":466,\"commentCount\":2,\"image\":{\"@id\":\"https:\\\/\\\/www.borgione.it\\\/blog\\\/bullismo-non-mi-fai-paura#primaryimage\"},\"thumbnailUrl\":\"https:\\\/\\\/borgione.kleecks-cdn.com\\\/blog\\\/wp-content\\\/uploads\\\/2016\\\/03\\\/beautiful-316287_1280-1024x768.jpg\",\"keywords\":[\"ANPE\",\"bullismo\",\"pedagogia\"],\"articleSection\":[\"Angolo del Docente\",\"Angolo del Terapista\",\"Notizie\"],\"inLanguage\":\"it-IT\",\"potentialAction\":[{\"@type\":\"CommentAction\",\"name\":\"Comment\",\"target\":[\"https:\\\/\\\/www.borgione.it\\\/blog\\\/bullismo-non-mi-fai-paura#respond\"]}]},{\"@type\":\"WebPage\",\"@id\":\"https:\\\/\\\/www.borgione.it\\\/blog\\\/bullismo-non-mi-fai-paura\\\/\",\"url\":\"https:\\\/\\\/www.borgione.it\\\/blog\\\/bullismo-non-mi-fai-paura\\\/\",\"name\":\"Bullismo. Non mi fai...paura. - Blog - Borgione Centro Didattico\",\"isPartOf\":{\"@id\":\"https:\\\/\\\/www.borgione.it\\\/blog\\\/#website\"},\"primaryImageOfPage\":{\"@id\":\"https:\\\/\\\/www.borgione.it\\\/blog\\\/bullismo-non-mi-fai-paura#primaryimage\"},\"image\":{\"@id\":\"https:\\\/\\\/www.borgione.it\\\/blog\\\/bullismo-non-mi-fai-paura#primaryimage\"},\"thumbnailUrl\":\"https:\\\/\\\/borgione.kleecks-cdn.com\\\/blog\\\/wp-content\\\/uploads\\\/2016\\\/03\\\/beautiful-316287_1280-1024x768.jpg\",\"datePublished\":\"2016-03-01T11:00:04+00:00\",\"dateModified\":\"2021-11-04T08:29:30+00:00\",\"author\":{\"@id\":\"https:\\\/\\\/www.borgione.it\\\/blog\\\/#\\\/schema\\\/person\\\/11c315b5bae91e570337949ce3566025\"},\"breadcrumb\":{\"@id\":\"https:\\\/\\\/www.borgione.it\\\/blog\\\/bullismo-non-mi-fai-paura#breadcrumb\"},\"inLanguage\":\"it-IT\",\"potentialAction\":[{\"@type\":\"ReadAction\",\"target\":[\"https:\\\/\\\/www.borgione.it\\\/blog\\\/bullismo-non-mi-fai-paura\\\/\"]}]},{\"@type\":\"ImageObject\",\"inLanguage\":\"it-IT\",\"@id\":\"https:\\\/\\\/www.borgione.it\\\/blog\\\/bullismo-non-mi-fai-paura#primaryimage\",\"url\":\"https:\\\/\\\/borgione.kleecks-cdn.com\\\/blog\\\/wp-content\\\/uploads\\\/2016\\\/03\\\/beautiful-316287_1280-1024x768.jpg\",\"contentUrl\":\"https:\\\/\\\/borgione.kleecks-cdn.com\\\/blog\\\/wp-content\\\/uploads\\\/2016\\\/03\\\/beautiful-316287_1280-1024x768.jpg\",\"width\":1024,\"height\":768},{\"@type\":\"BreadcrumbList\",\"@id\":\"https:\\\/\\\/www.borgione.it\\\/blog\\\/bullismo-non-mi-fai-paura#breadcrumb\",\"itemListElement\":[{\"@type\":\"ListItem\",\"position\":1,\"name\":\"Home\",\"item\":\"https:\\\/\\\/www.borgione.it\\\/blog\\\/\"},{\"@type\":\"ListItem\",\"position\":2,\"name\":\"Bullismo. Non mi fai&#8230;paura.\"}]},{\"@type\":\"WebSite\",\"@id\":\"https:\\\/\\\/www.borgione.it\\\/blog\\\/#website\",\"url\":\"https:\\\/\\\/www.borgione.it\\\/blog\\\/\",\"name\":\"Blog - Borgione Centro Didattico\",\"description\":\"\",\"potentialAction\":[{\"@type\":\"SearchAction\",\"target\":{\"@type\":\"EntryPoint\",\"urlTemplate\":\"https:\\\/\\\/www.borgione.it\\\/blog\\\/?s=%7Bsearch_term_string%7D\"},\"query-input\":{\"@type\":\"PropertyValueSpecification\",\"valueRequired\":true,\"valueName\":\"search_term_string\"}}],\"inLanguage\":\"it-IT\"},{\"@type\":\"Person\",\"@id\":\"https:\\\/\\\/www.borgione.it\\\/blog\\\/#\\\/schema\\\/person\\\/11c315b5bae91e570337949ce3566025\",\"name\":\"ANPE- Associazione Nazionale dei Pedagogisti Italiani\",\"sameAs\":[\"http:\\\/\\\/www.anpe.it\\\/\"],\"url\":\"https:\\\/\\\/www.borgione.it\\\/blog\\\/author\\\/anpe-associazione-nazionale-dei-pedagogisti-italia\\\/\"}]}<\/script>\n<!-- \/ Yoast SEO plugin. -->","yoast_head_json":{"title":"Bullismo. Non mi fai...paura. - Blog - Borgione Centro Didattico","robots":{"index":"index","follow":"follow","max-snippet":"max-snippet:-1","max-image-preview":"max-image-preview:large","max-video-preview":"max-video-preview:-1"},"canonical":"https:\/\/www.borgione.it\/blog\/bullismo-non-mi-fai-paura\/","og_locale":"it_IT","og_type":"article","og_title":"Bullismo. Non mi fai...paura. - Blog - Borgione Centro Didattico","og_description":"Ogni volta che vedo alla televisione episodi di bullismo o leggo notizie sui giornali, provo rabbia e anche un po&#8217; di tristezza.Si tristezza, perch\u00e8 se mi fermo a riflettere, penso che dietro a questi comportamenti ci sia un solo e unico sentimento..la paura.E non mi riferisco solo alla paura che prova la cosidetta \u201cvittima\u201d, ossia [&hellip;]","og_url":"https:\/\/www.borgione.it\/blog\/bullismo-non-mi-fai-paura\/","og_site_name":"Blog - Borgione Centro Didattico","article_published_time":"2016-03-01T11:00:04+00:00","article_modified_time":"2021-11-04T08:29:30+00:00","og_image":[{"width":1024,"height":768,"url":"https:\/\/borgione.kleecks-cdn.com\/blog\/wp-content\/uploads\/2016\/03\/beautiful-316287_1280-1024x768.jpg","type":"image\/jpeg"}],"author":"ANPE- Associazione Nazionale dei Pedagogisti Italiani","twitter_card":"summary_large_image","twitter_misc":{"Written by":"ANPE- Associazione Nazionale dei Pedagogisti Italiani","Est. reading time":"2 minuti"},"schema":{"@context":"https:\/\/schema.org","@graph":[{"@type":"Article","@id":"https:\/\/www.borgione.it\/blog\/bullismo-non-mi-fai-paura#article","isPartOf":{"@id":"https:\/\/www.borgione.it\/blog\/bullismo-non-mi-fai-paura\/"},"author":{"name":"ANPE- Associazione Nazionale dei Pedagogisti Italiani","@id":"https:\/\/www.borgione.it\/blog\/#\/schema\/person\/11c315b5bae91e570337949ce3566025"},"headline":"Bullismo. Non mi fai&#8230;paura.","datePublished":"2016-03-01T11:00:04+00:00","dateModified":"2021-11-04T08:29:30+00:00","mainEntityOfPage":{"@id":"https:\/\/www.borgione.it\/blog\/bullismo-non-mi-fai-paura\/"},"wordCount":466,"commentCount":2,"image":{"@id":"https:\/\/www.borgione.it\/blog\/bullismo-non-mi-fai-paura#primaryimage"},"thumbnailUrl":"https:\/\/borgione.kleecks-cdn.com\/blog\/wp-content\/uploads\/2016\/03\/beautiful-316287_1280-1024x768.jpg","keywords":["ANPE","bullismo","pedagogia"],"articleSection":["Angolo del Docente","Angolo del Terapista","Notizie"],"inLanguage":"it-IT","potentialAction":[{"@type":"CommentAction","name":"Comment","target":["https:\/\/www.borgione.it\/blog\/bullismo-non-mi-fai-paura#respond"]}]},{"@type":"WebPage","@id":"https:\/\/www.borgione.it\/blog\/bullismo-non-mi-fai-paura\/","url":"https:\/\/www.borgione.it\/blog\/bullismo-non-mi-fai-paura\/","name":"Bullismo. Non mi fai...paura. - Blog - Borgione Centro Didattico","isPartOf":{"@id":"https:\/\/www.borgione.it\/blog\/#website"},"primaryImageOfPage":{"@id":"https:\/\/www.borgione.it\/blog\/bullismo-non-mi-fai-paura#primaryimage"},"image":{"@id":"https:\/\/www.borgione.it\/blog\/bullismo-non-mi-fai-paura#primaryimage"},"thumbnailUrl":"https:\/\/borgione.kleecks-cdn.com\/blog\/wp-content\/uploads\/2016\/03\/beautiful-316287_1280-1024x768.jpg","datePublished":"2016-03-01T11:00:04+00:00","dateModified":"2021-11-04T08:29:30+00:00","author":{"@id":"https:\/\/www.borgione.it\/blog\/#\/schema\/person\/11c315b5bae91e570337949ce3566025"},"breadcrumb":{"@id":"https:\/\/www.borgione.it\/blog\/bullismo-non-mi-fai-paura#breadcrumb"},"inLanguage":"it-IT","potentialAction":[{"@type":"ReadAction","target":["https:\/\/www.borgione.it\/blog\/bullismo-non-mi-fai-paura\/"]}]},{"@type":"ImageObject","inLanguage":"it-IT","@id":"https:\/\/www.borgione.it\/blog\/bullismo-non-mi-fai-paura#primaryimage","url":"https:\/\/borgione.kleecks-cdn.com\/blog\/wp-content\/uploads\/2016\/03\/beautiful-316287_1280-1024x768.jpg","contentUrl":"https:\/\/borgione.kleecks-cdn.com\/blog\/wp-content\/uploads\/2016\/03\/beautiful-316287_1280-1024x768.jpg","width":1024,"height":768},{"@type":"BreadcrumbList","@id":"https:\/\/www.borgione.it\/blog\/bullismo-non-mi-fai-paura#breadcrumb","itemListElement":[{"@type":"ListItem","position":1,"name":"Home","item":"https:\/\/www.borgione.it\/blog\/"},{"@type":"ListItem","position":2,"name":"Bullismo. Non mi fai&#8230;paura."}]},{"@type":"WebSite","@id":"https:\/\/www.borgione.it\/blog\/#website","url":"https:\/\/www.borgione.it\/blog\/","name":"Blog - Borgione Centro Didattico","description":"","potentialAction":[{"@type":"SearchAction","target":{"@type":"EntryPoint","urlTemplate":"https:\/\/www.borgione.it\/blog\/?s=%7Bsearch_term_string%7D"},"query-input":{"@type":"PropertyValueSpecification","valueRequired":true,"valueName":"search_term_string"}}],"inLanguage":"it-IT"},{"@type":"Person","@id":"https:\/\/www.borgione.it\/blog\/#\/schema\/person\/11c315b5bae91e570337949ce3566025","name":"ANPE- Associazione Nazionale dei Pedagogisti Italiani","sameAs":["http:\/\/www.anpe.it\/"],"url":"https:\/\/www.borgione.it\/blog\/author\/anpe-associazione-nazionale-dei-pedagogisti-italia\/"}]}},"_links":{"self":[{"href":"https:\/\/www.borgione.it\/blog\/wp-json\/wp\/v2\/posts\/1180","targetHints":{"allow":["GET"]}}],"collection":[{"href":"https:\/\/www.borgione.it\/blog\/wp-json\/wp\/v2\/posts"}],"about":[{"href":"https:\/\/www.borgione.it\/blog\/wp-json\/wp\/v2\/types\/post"}],"author":[{"embeddable":true,"href":"https:\/\/www.borgione.it\/blog\/wp-json\/wp\/v2\/users\/4"}],"replies":[{"embeddable":true,"href":"https:\/\/www.borgione.it\/blog\/wp-json\/wp\/v2\/comments?post=1180"}],"version-history":[{"count":1,"href":"https:\/\/www.borgione.it\/blog\/wp-json\/wp\/v2\/posts\/1180\/revisions"}],"predecessor-version":[{"id":1182,"href":"https:\/\/www.borgione.it\/blog\/wp-json\/wp\/v2\/posts\/1180\/revisions\/1182"}],"wp:featuredmedia":[{"embeddable":true,"href":"https:\/\/www.borgione.it\/blog\/wp-json\/wp\/v2\/media\/2607"}],"wp:attachment":[{"href":"https:\/\/www.borgione.it\/blog\/wp-json\/wp\/v2\/media?parent=1180"}],"wp:term":[{"taxonomy":"category","embeddable":true,"href":"https:\/\/www.borgione.it\/blog\/wp-json\/wp\/v2\/categories?post=1180"},{"taxonomy":"post_tag","embeddable":true,"href":"https:\/\/www.borgione.it\/blog\/wp-json\/wp\/v2\/tags?post=1180"}],"curies":[{"name":"wp","href":"https:\/\/api.w.org\/{rel}","templated":true}]}}